{"id":131,"date":"2020-05-04T19:23:06","date_gmt":"2020-05-04T17:23:06","guid":{"rendered":"https:\/\/mozaiq.mensa.rs\/?p=131"},"modified":"2022-12-17T11:57:36","modified_gmt":"2022-12-17T09:57:36","slug":"saradnja-sa-narodnim-pozoristem-krcko-orascic-balet","status":"publish","type":"post","link":"https:\/\/mozaiq.mensa.rs\/?p=131","title":{"rendered":"Saradnja sa Narodnim pozori\u0161tem &#8211; Krcko Ora\u0161\u010di\u0107, balet"},"content":{"rendered":"<p class=\"has-text-align-center\"> Balet Krcko Ora\u0161\u010di\u0107, Narodno pozori\u0161te u Beogradu <\/p><div id=\"pl-131\" class=\"panel-layout\"><div id=\"pg-131-0\" class=\"panel-grid panel-no-style\"><div id=\"pgc-131-0-0\" class=\"panel-grid-cell\" data-weight=\"1\"><div id=\"panel-131-0-0-0\" class=\"so-panel widget panel-first-child panel-last-child\" data-index=\"0\"><p>Direktor Imperatorskih pozori\u0161ta\u00a0 u Rusiji naru\u010duje od \u010cajkovskog\u00a0 celove\u010dernji program koji \u0107e se sastojati od baleta \u201eKrcko Ora\u0161\u010di\u0107\u201c\u00a0i opere \u201eJolanta\u201c. Scenario za balet je napisao koreograf Marijus Petipa i njegov pomo\u0107nik Lev Ivanov. Kao osnova za libreto je uzeta pri\u010da Aleksandra Dime \u201ePri\u010da o Krcku Ora\u0161\u010di\u0107u\u201c, koja je adaptacija bajke E.T.A. Hofmana \u201eKrcko Ora\u0161\u010di\u0107 i Kralj mi\u0161eva\u201c, iz 1819. godine.<\/p><p>\u201eKrcko Ora\u0161\u010di\u0107\u201c je prvi put izveden u Marinski teatru\u00a0u Sankt Peterburgu 1892. godine, u prisustvu ruskog cara Aleksandra III. \u00a0Balet \u201eKrcko Ora\u0161\u010di\u0107\u201c se nije pokazao preterano uspe\u0161nim u po\u010detku. \u00a0Me\u0111utim, po\u010detkom XX. veka ponovo se javlja interesovanje publike za ovaj balet, pa se on sada \u010desto izvodi i to naro\u010dito u vreme Bo\u017ei\u0107a, verovatno zato \u0161to se u to vreme i de\u0161ava radnja baleta.\u00a0U Beogradu u Narodnom pozori\u0161tu je svita iz \u201eKrcko Ora\u0161\u010di\u0107a\u201c pod naslovom \u201eRskalo\u201c postavljena kao prvi samostalni balet 1923. godine.<\/p><figure id=\"attachment_132\" aria-describedby=\"caption-attachment-132\" style=\"width: 286px\" class=\"wp-caption alignright\"><img decoding=\"async\" loading=\"lazy\" class=\"wp-image-132\" src=\"https:\/\/mozaiq.mensa.rs\/wp-content\/uploads\/2018\/05\/krcko_orascic_plakat.jpg\" alt=\"\" width=\"286\" height=\"400\" srcset=\"https:\/\/mozaiq.mensa.rs\/wp-content\/uploads\/2018\/05\/krcko_orascic_plakat.jpg 429w, https:\/\/mozaiq.mensa.rs\/wp-content\/uploads\/2018\/05\/krcko_orascic_plakat-215x300.jpg 215w\" sizes=\"(max-width: 286px) 100vw, 286px\"\/><figcaption id=\"caption-attachment-132\" class=\"wp-caption-text\">Plakat za balet Krcko Ora\u0161\u010di\u0107<\/figcaption><\/figure><p>Balet se sastoji iz dva \u010dina. Detalji pri\u010de razlikuju se u zavisnosti od produkcije, ali osnova je ista. Bajka po\u010dinje tako \u0161to mama u sobi pri\u010da devoj\u010dici bajku o Krcku Ora\u0161\u010di\u0107u koji pobe\u0111uje Kralja mi\u0161eva i spasava svoju princezu od opake vojske mi\u0161eva. U snu devoj\u010dice, prostor njene sobe se pretvara u rasko\u0161ni dom \u0160talbaumovih, u bojno polje i ambijente dalekih zemalja.\u00a0 Porodicu \u0160talbaumovih \u010dine: otac, majka, \u0107erka Ma\u0161a i sin Fric. Oni se, kao i svakog Bo\u017ei\u0107a, spremaju da do\u010dekaju brojne prijatelje i rodbinu koji dolaze sa svojom decom. Ma\u0161a i Fric se najvi\u0161e raduju dolasku kuma Droselmajera, koji kao neki \u010darobnjak zabavlja decu trikovima. Ispred oki\u0107ene jelke poklanja Ma\u0161i neobi\u010dnu drvenu lutku princa-vojnika iz bajke, Krcka Ora\u0161\u010di\u0107a. Ma\u0161a je odmah zavolela tu veliku lutku, krckalicu. Njen brat Fric je stalno zadirkuje i iz obesti joj lomi lutku. Me\u0111utim, kum Droselmajer je popravlja. Gosti odlaze svojim ku\u0107ama i dom \u0160talbaumovih postaje prazan i neobi\u010dno miran. Ma\u0161a je zabrinuta za svoju lutku i sanjiva odlazi do jelke da proveri da li je Krcko dobro. U trenutku kada sat otkucava pono\u0107, sa svih strana po\u010dinje da nadire vojska mi\u0161eva. Ma\u0161i u poku\u0161aju da odbrani sebe i Krcka poma\u017ee vojska ali mi\u0161evi pod vo\u0111stvom zlog Kralja mi\u0161eva sve vi\u0161e napadaju. Tada se drveni lutak Krcko budi i stupa u borbu na \u010delu vojske\u2026 Ma\u0161a je presre\u0107na i sa Krckom, prelepim princem iz bajke, kre\u0107e na \u010darobno putovanje la\u0111om kroz Sne\u017eno kraljevstvo, ali ih Kralj mi\u0161eva i njegova vojska neprekidno prate\u2026 Ispred predvorja prin\u010devog dvorca se odvija druga bitka protiv Kralja mi\u0161eva u kojoj ga Krcko savladava. Veliku pobedu su proslavili uz \u0161pansku, arapsku, kinesku i rusku igru i Valcer cve\u0107a. Dvorani se raduju dolasku svog princa i njegove pratilje. Tu je i Ma\u0161in kum, Droselmajer, koji je u senci neprestano pratio njihovo putovanje. On poziva Ma\u0161u i Krcka da odigraju svoj trijumfalni duet\u2026 Novi je dan i Ma\u0161a se budi iz svog divnog sna. Na ulici, u \u0161etnji\u00a0 sre\u0107e poznato lice mladi\u0107a. Postaje zbunjena i sre\u0107na\u2026 U sobi mama zavr\u0161ava \u010ditanje bajke.<\/p><p>Ostaje pitanje da li je san svake devoj\u010dice da bude Ma\u0161a, sa \u017eeljom za sre\u0107nom ljubavlju i sigurno\u0161\u0107u.<\/p><p>Koreografiju i re\u017eiju je radio Konstantin Kostjukov, kostim i dekor Angelina Atlagi\u0107, dirigent Orkestra Narodnog pozori\u0161ta \u0110or\u0111e Pavlovi\u0107. Uloge igrali: Krcko Ora\u0161\u010di\u0107 -Igor Pastor, Ma\u0161a \u2013 Tatjana Tati\u0107, gospodin Droselmajer \u2013 Dejan Kolarov. U\u010destvovali kao An\u0111eli \u010dlanovi de\u010dijeg hora \u201eHorislavci\u201d.<\/p><hr><p><em><strong>Mirjana Ti\u0161ma<\/strong><\/em>, <em>profesor razredne nastave. Radi u O\u0160 \u201cDragan Luki\u0107\u201d u Beogradu. Koordinator SIG-a Roditelj. Koautor radionica \u201eOd crtanja do programiranja\u201c, \u00a0saradnik Zavoda za unapre\u0111enje obrazovanja i vaspitanja. \u010clan Mense od maja 2016. godine.<\/em><\/p><p><\/p><\/div><\/div><\/div><\/div>","protected":false},"excerpt":{"rendered":"<p>Balet Krcko Ora\u0161\u010di\u0107, Narodno pozori\u0161te u BeograduDirektor Imperatorskih pozori\u0161ta\u00a0 u Rusiji naru\u010duje od \u010cajkovskog\u00a0 celove\u010dernji program koji \u0107e se sastojati od baleta \u201eKrcko Ora\u0161\u010di\u0107\u201c\u00a0i opere \u201eJolanta\u201c. Scenario za balet je napisao koreograf Marijus Petipa i njegov pomo\u0107nik Lev Ivanov. Kao osnova za libreto je uzeta pri\u010da Aleksandra Dime \u201ePri\u010da o Krcku Ora\u0161\u010di\u0107u\u201c, koja je adaptacija [&hellip;]<\/p>\n","protected":false},"author":1,"featured_media":139,"comment_status":"open","ping_status":"open","sticky":false,"template":"","format":"standard","meta":[],"categories":[5,4],"tags":[42,45,2,44,41],"_links":{"self":[{"href":"https:\/\/mozaiq.mensa.rs\/index.php?rest_route=\/wp\/v2\/posts\/131"}],"collection":[{"href":"https:\/\/mozaiq.mensa.rs\/index.php?rest_route=\/wp\/v2\/posts"}],"about":[{"href":"https:\/\/mozaiq.mensa.rs\/index.php?rest_route=\/wp\/v2\/types\/post"}],"author":[{"embeddable":true,"href":"https:\/\/mozaiq.mensa.rs\/index.php?rest_route=\/wp\/v2\/users\/1"}],"replies":[{"embeddable":true,"href":"https:\/\/mozaiq.mensa.rs\/index.php?rest_route=%2Fwp%2Fv2%2Fcomments&post=131"}],"version-history":[{"count":10,"href":"https:\/\/mozaiq.mensa.rs\/index.php?rest_route=\/wp\/v2\/posts\/131\/revisions"}],"predecessor-version":[{"id":756,"href":"https:\/\/mozaiq.mensa.rs\/index.php?rest_route=\/wp\/v2\/posts\/131\/revisions\/756"}],"wp:featuredmedia":[{"embeddable":true,"href":"https:\/\/mozaiq.mensa.rs\/index.php?rest_route=\/wp\/v2\/media\/139"}],"wp:attachment":[{"href":"https:\/\/mozaiq.mensa.rs\/index.php?rest_route=%2Fwp%2Fv2%2Fmedia&parent=131"}],"wp:term":[{"taxonomy":"category","embeddable":true,"href":"https:\/\/mozaiq.mensa.rs\/index.php?rest_route=%2Fwp%2Fv2%2Fcategories&post=131"},{"taxonomy":"post_tag","embeddable":true,"href":"https:\/\/mozaiq.mensa.rs\/index.php?rest_route=%2Fwp%2Fv2%2Ftags&post=131"}],"curies":[{"name":"wp","href":"https:\/\/api.w.org\/{rel}","templated":true}]}}