{"id":147,"date":"2020-05-31T00:28:14","date_gmt":"2020-05-30T22:28:14","guid":{"rendered":"https:\/\/mozaiq.mensa.rs\/?p=147"},"modified":"2022-12-17T11:57:30","modified_gmt":"2022-12-17T09:57:30","slug":"saradnja-sa-narodnim-pozoristem-travijata-opera","status":"publish","type":"post","link":"https:\/\/mozaiq.mensa.rs\/?p=147","title":{"rendered":"Saradnja sa Narodnim pozori\u0161tem \u2013 Travijata, opera"},"content":{"rendered":"<p class=\"has-text-align-center\"> Opera Travijata, Narodno pozori\u0161te u Beogradu <\/p><p>Bonton ka\u017ee da se u operu odlazi u ve\u010dernjoj toaleti (formalnoj ili poluformalnoj), a postoji i par interesantnih pravila obla\u010denja za decu, \u017eene i mu\u0161karce. Ukoliko, pak, niste bili u prilici da se upoznate sa ovim pravilima, mo\u017eda su vam roditelji, kao i mojoj prijateljici i meni, govorili da se u pozori\u0161te ide u \u201enajboljoj garderobi\u201c. Jo\u0161 bolje, za nas je odlazak u pozori\u0161te prava sve\u010danost i radovale smo se kao deca kada smo se pred Narodnim pozori\u0161tem na\u0161le \u201esre\u0111ene kao da idemo u operu\u201c!<\/p><p>Nikada nismo gledale \u201eTravijatu\u201c i jedva do\u010dekasmo da \u010dujemo prvu ariju, \u201e<em>Libiamo ne\u2019lieti calici<\/em><em>\u201c\u00a0<\/em><a href=\"#_ftn1\" name=\"_ftnref1\"><em><strong>[1]<\/strong><\/em><\/a> (ital.), u akustici i ambijentu Narodnog pozori\u0161ta. Uga\u0161ena svetla, poznat zvu\u010dni signal, prvi taktovi orkestra \u2026\u00a0 i magija je zapo\u010dela. U prvom \u010dinu sam se radovala ljubavi izme\u0111u Violete (gostuju\u0107i sopran Evgenija Jeremi\u0107), Verdijeve dame sa kamelijama, i Alfreda (Dejan Maksimovi\u0107). Mada je Violeta re\u0161ila da napusti rasko\u0161 Pariza u 19. veku zbog ljubavi koju ose\u0107a prvi put, Alfredov otac, \u017dor\u017e \u017dermon (prvi put u ovoj ulozi bariton Dragutin Mati\u0107), u pri\u010du unosi zaplet. Naime, iz straha da \u0107e ljubav ovo dvoje mladih ugroziti sre\u0107u njegove k\u0107erke, Alfredove sestre, i ve\u0107 dogovoreni brak, \u017dor\u017e moli Violetu da napusti Alfreda. Violetina \u017ertva ostaje pod velom tajne, dok Alfredovo razo\u010daranje prerasta u ljubomoru i dovodi do njenog javnog poni\u017eenja. Tragi\u010dnost posebno dolazi do izra\u017eaja u tre\u0107em \u010dinu, kada Violeta umire nekoliko trenutaka nakon raspleta i ponovo rasplamsale ljubavi sa Alfredom! Veli\u010danje novca, postojanje dvostrukih ar\u0161ina i sna\u017ean pritisak dru\u0161tva su pobedili iskrenu ljubav dvoje mladih, iako nisu bili ja\u010di od nje. Nepripremljenost publike na ovakvu kritiku postoje\u0107ih dru\u0161tvenih normi je bio jedan od tri uzroka neuspeha \u201eTravijate\u201c, zabele\u017eenih od strane hroni\u010dara, na njenoj premijeri 6. marta 1853. godine. Izvo\u0111a\u010di i kostimografija su, tako\u0111e, identifikovani kao uzroci neuspeha\u00a0<a href=\"#_ftn2\" name=\"_ftnref2\">[2]<\/a>, ali sude\u0107i po gromoglasnim aplauzima i uzvicima\u00a0<a href=\"#_ftn3\" name=\"_ftnref3\">[3]<\/a>, \u201eTravijata\u201c u re\u017eiji Ivane Dragutinovi\u0107 Mari\u010di\u0107 je do\u017eivela veliki uspeh. Neophodno je pomenuti i druge soliste (Tamaru Nikezi\u0107, Tatjanu Miti\u0107, Sveta Kastratovi\u0107a, Miroslava Markovskog, Igora Matvejeva, Mihaila \u0160ljivi\u0107a, Sini\u0161u Radina i Predraga Gligori\u0107a), kao i Orkestar (sa Stefanom Zeki\u0107em prvi put na mestu dirigenta), Hor, Balet i drugo osoblje Narodnog pozori\u0161ta, na sceni i van nje. Nemam \u0161ta drugo re\u0107i sem da peva\u010dko i gluma\u010dko ume\u0107e, kostimografija, scenografija i velelepnost samog zdanja u mojoj lai\u010dkoj malenkosti izazivaju neizreciv ose\u0107aj divljenja. <em>Bravi! Bravi! Bravi!!!<\/em><\/p><p>Veliko hvala Narodnom pozori\u0161tu i na\u0161oj Ani Pe\u0161i\u0107 na prilici da prisustvujemo izvo\u0111enju \u201eTravijate\u201c, ali i da po ko zna koji put razmislim o uticaju socijalnih normi i bogatstvu koje samo ljubav mo\u017ee da pru\u017ei. Stoga, svima najtoplije preporu\u010dujem da posete Narodno pozori\u0161te i obogate svoje \u017eivote. Vama, kojima do\u017eivljaj opere kvari nerazumevanje jezika na kome se izvodi (kakav je slu\u010daj sa mojim suprugom), ovom prilikom \u017eelim da poru\u010dim da vi\u0161e nemate izgovor \u2013 Narodno pozori\u0161te se pobrinulo i za to, te je za svaku ariju, recitativ i pasa\u017e uprili\u010den prevod na srpski jezik. Nadam se da \u0107emo se sresti na jednom od narednih izvo\u0111enja, a do tada: \u201e<em>Godiamo, la tazza, la tazza e il cantico, la notte abbella e il riso; in questo paradiso ne scopra il nuovo d\u00ec<\/em><em>\u201c\u00a0<\/em><a href=\"#_ftn4\" name=\"_ftnref4\"><em><strong>[4]<\/strong><\/em><\/a> (horski deo arije<em>\u00a0<\/em><em>Libiamo ne\u2019lieti calici<\/em><em>)<\/em>.<\/p><p>U Beogradu,<\/p><p>dana 17. maja 2018. godine.<a href=\"#_ftnref1\" name=\"_ftn1\"><\/a><\/p><hr><p><strong><em>Una Radovanovi\u0107 Nenadi\u0107<\/em><\/strong><em>, dipl. defektolog (Prevencija i tretman poreme\u0107aja pona\u0161anja), MA master menad\u017eer (Terorizam, organizovani kriminal i bezbednost), MSc in\u017eenjer tehnologije (Forenzi\u010dko in\u017eenjerstvo), student master akademskih studija Prevencije i tretmana poreme\u0107aja pona\u0161anja na Fakultetu za specijalnu edukaciju i rehabilitaciju u Beogradu i doktorskih studija ABHO na Vojnoj akademiji Univerziteta odbrane Republike Srbije. \u010clan Mense od 2016. godine, deo Odseka za projekte, beogradskog koordinacionog tima i ekolo\u0161kog SIG-a (u osnivanju).<\/em><\/p><p><a href=\"#_ftnref1\" name=\"_ftn1\">[1]<\/a> prim. prev: <em>Pijmo iz \u010da\u0161a radosti<\/em><\/p><p><a href=\"#_ftnref2\" name=\"_ftn2\">[2]<\/a> Izvor: <a href=\"https:\/\/www.narodnopozoriste.rs\/travijata\">https:\/\/www.narodnopozoriste.rs\/travijata<\/a> .<\/p><p><a href=\"#_ftnref3\" name=\"_ftn3\">[3]<\/a><em>Bravo!<\/em>, <em>Brava!<\/em>, <em>Bravi!<\/em>, <em>Brave!<\/em> \u2013 italijanska re\u010d kojom se izra\u017eava zahvalnost i u\u017eivanje u mu\u0161kom i \u017eenskom izvo\u0111a\u010du, odnosno izvo\u0111a\u010dima i izvo\u0111a\u010dicama, respektivno.<\/p><p><a href=\"#_ftnref4\" name=\"_ftn4\">[4]<\/a> prim. prev: <em>U\u017eivajmo u \u010da\u0161i, \u010da\u0161i i pesmi, prelepoj no\u0107i i osmesima; neka ih (nas) novi dan na\u0111e u ovom raju<\/em>.<\/p>","protected":false},"excerpt":{"rendered":"<p>Opera Travijata, Narodno pozori\u0161te u BeograduBonton ka\u017ee da se u operu odlazi u ve\u010dernjoj toaleti (formalnoj ili poluformalnoj), a postoji i par interesantnih pravila obla\u010denja za decu, \u017eene i mu\u0161karce. Ukoliko, pak, niste bili u prilici da se upoznate sa ovim pravilima, mo\u017eda su vam roditelji, kao i mojoj prijateljici i meni, govorili da se [&hellip;]<\/p>\n","protected":false},"author":1,"featured_media":149,"comment_status":"open","ping_status":"open","sticky":false,"template":"","format":"standard","meta":[],"categories":[5,4],"tags":[2,41,46,47,48],"_links":{"self":[{"href":"https:\/\/mozaiq.mensa.rs\/index.php?rest_route=\/wp\/v2\/posts\/147"}],"collection":[{"href":"https:\/\/mozaiq.mensa.rs\/index.php?rest_route=\/wp\/v2\/posts"}],"about":[{"href":"https:\/\/mozaiq.mensa.rs\/index.php?rest_route=\/wp\/v2\/types\/post"}],"author":[{"embeddable":true,"href":"https:\/\/mozaiq.mensa.rs\/index.php?rest_route=\/wp\/v2\/users\/1"}],"replies":[{"embeddable":true,"href":"https:\/\/mozaiq.mensa.rs\/index.php?rest_route=%2Fwp%2Fv2%2Fcomments&post=147"}],"version-history":[{"count":6,"href":"https:\/\/mozaiq.mensa.rs\/index.php?rest_route=\/wp\/v2\/posts\/147\/revisions"}],"predecessor-version":[{"id":755,"href":"https:\/\/mozaiq.mensa.rs\/index.php?rest_route=\/wp\/v2\/posts\/147\/revisions\/755"}],"wp:featuredmedia":[{"embeddable":true,"href":"https:\/\/mozaiq.mensa.rs\/index.php?rest_route=\/wp\/v2\/media\/149"}],"wp:attachment":[{"href":"https:\/\/mozaiq.mensa.rs\/index.php?rest_route=%2Fwp%2Fv2%2Fmedia&parent=147"}],"wp:term":[{"taxonomy":"category","embeddable":true,"href":"https:\/\/mozaiq.mensa.rs\/index.php?rest_route=%2Fwp%2Fv2%2Fcategories&post=147"},{"taxonomy":"post_tag","embeddable":true,"href":"https:\/\/mozaiq.mensa.rs\/index.php?rest_route=%2Fwp%2Fv2%2Ftags&post=147"}],"curies":[{"name":"wp","href":"https:\/\/api.w.org\/{rel}","templated":true}]}}