{"id":1479,"date":"2023-01-19T20:25:39","date_gmt":"2023-01-19T18:25:39","guid":{"rendered":"https:\/\/mozaiq.mensa.rs\/?p=1479"},"modified":"2023-01-31T12:29:28","modified_gmt":"2023-01-31T10:29:28","slug":"novogodisnja-radionica-za-decu","status":"publish","type":"post","link":"https:\/\/mozaiq.mensa.rs\/?p=1479","title":{"rendered":"Novogodi\u0161nja radionica za decu"},"content":{"rendered":"<div data-elementor-type=\"wp-post\" data-elementor-id=\"1479\" class=\"elementor elementor-1479\"><div class=\"elementor-inner\"><div class=\"elementor-section-wrap\"><section class=\"elementor-section elementor-top-section elementor-element elementor-element-6efce04 elementor-section-boxed elementor-section-height-default elementor-section-height-default\" data-id=\"6efce04\" data-element_type=\"section\"><div class=\"elementor-container elementor-column-gap-default\"><div class=\"elementor-row\"><div class=\"elementor-column elementor-col-100 elementor-top-column elementor-element elementor-element-4a73816\" data-id=\"4a73816\" data-element_type=\"column\"><div class=\"elementor-column-wrap elementor-element-populated\"><div class=\"elementor-widget-wrap\"><div class=\"elementor-element elementor-element-bd34e99 elementor-widget elementor-widget-text-editor\" data-id=\"bd34e99\" data-element_type=\"widget\" data-widget_type=\"text-editor.default\"><div class=\"elementor-widget-container\"><div class=\"elementor-text-editor elementor-clearfix\"><p>Odsek za rad sa decom Mense Srbije \u00a0u saradnji sa internacionalnom \u0161kolom intelektualnih ve\u0161tina, organizovao je \u00a0kreativnu Novogodi\u0161nju radionicu edukativnog karaktera. Deca su imala priliku da nau\u010de kako se uz pomo\u0107 kanapa, papira i ma\u0161te mogu napraviti prava remek dela.<\/p><p>U duhu novogodi\u0161njih praznika, pravili smo jelku od kanapa ukra\u0161enu \u0161ljokicama. Ovo je jedna od ve\u017ebi za treniranje strpljenja, osobine koja se u\u010di i koja kao krajni cilj ima postizanje samokontrole. \u017delja nam je bila da deca sa radionice ponesu znanje o na\u010dinu izrade skulptura od kanapa i da u svojim domovima samostalno nastave razvijati svoju kreativnost, kao i ideje o samim oblicima skulptura, tra\u017ee\u0107i nove na\u010dine u re\u0161avanju problema.<\/p><figure id=\"attachment_1487\" aria-describedby=\"caption-attachment-1487\" style=\"width: 267px\" class=\"wp-caption alignleft\"><img decoding=\"async\" loading=\"lazy\" class=\"wp-image-1487\" src=\"https:\/\/mozaiq.mensa.rs\/wp-content\/uploads\/2023\/01\/IMG_20221225_145433-225x300.jpg\" alt=\"\" width=\"267\" height=\"356\" srcset=\"https:\/\/mozaiq.mensa.rs\/wp-content\/uploads\/2023\/01\/IMG_20221225_145433-225x300.jpg 225w, https:\/\/mozaiq.mensa.rs\/wp-content\/uploads\/2023\/01\/IMG_20221225_145433-768x1024.jpg 768w, https:\/\/mozaiq.mensa.rs\/wp-content\/uploads\/2023\/01\/IMG_20221225_145433-1152x1536.jpg 1152w, https:\/\/mozaiq.mensa.rs\/wp-content\/uploads\/2023\/01\/IMG_20221225_145433-1536x2048.jpg 1536w, https:\/\/mozaiq.mensa.rs\/wp-content\/uploads\/2023\/01\/IMG_20221225_145433-600x800.jpg 600w, https:\/\/mozaiq.mensa.rs\/wp-content\/uploads\/2023\/01\/IMG_20221225_145433-scaled.jpg 1920w\" sizes=\"(max-width: 267px) 100vw, 267px\"\/><figcaption id=\"caption-attachment-1487\" class=\"wp-caption-text\">Foto: Marijana Nikoli\u0107<\/figcaption><\/figure><p>Da zabava mo\u017ee biti edukativnog karaktera najbolje pokazuje pravljenje 3D origami zvezde od papira. Cilj ove aktivnosti je da se deca na jednostavan na\u010din uvedu u svet origamija, ve\u0161tine koja ima vi\u0161estruki zna\u010daj. Pored razvijanja preciznosti i strpljenja, origami tehnika omogu\u0107ava bolje razumevanje matemati\u010dkih pojmova (geometrijskih oblika, polovine, \u010detvrtine, ugla, dijagonale\u2026) i prostornih odnosa (3D razumevanje).<\/p><p>Podsti\u010dimo decu na kreativnost kako bi ih u\u010dinili sposobnijima za suo\u010davanje sa izazovima i lak\u0161e dono\u0161enje odluka u razli\u010ditim \u017eivotnim situacijama.<\/p><p>Autor i realizator radionice Marijana Nikoli\u0107, \u010dlan Odseka za rad sa decom Mense Srbije i licencirani edukator internacionalne \u0161kole intelektualnih ve\u0161tina Brainobrain Stari grad.<\/p><\/div><\/div><\/div><\/div><\/div><\/div><\/div><\/div><\/section><\/div><\/div><\/div>","protected":false},"excerpt":{"rendered":"<p>Odsek za rad sa decom Mense Srbije  u saradnji sa internacionalnom \u0161kolom intelektualnih ve\u0161tina, organizovao je  kreativnu Novogodi\u0161nju radionicu edukativnog karaktera. <\/p>\n","protected":false},"author":30,"featured_media":1480,"comment_status":"open","ping_status":"open","sticky":false,"template":"","format":"standard","meta":[],"categories":[5,50],"tags":[],"_links":{"self":[{"href":"https:\/\/mozaiq.mensa.rs\/index.php?rest_route=\/wp\/v2\/posts\/1479"}],"collection":[{"href":"https:\/\/mozaiq.mensa.rs\/index.php?rest_route=\/wp\/v2\/posts"}],"about":[{"href":"https:\/\/mozaiq.mensa.rs\/index.php?rest_route=\/wp\/v2\/types\/post"}],"author":[{"embeddable":true,"href":"https:\/\/mozaiq.mensa.rs\/index.php?rest_route=\/wp\/v2\/users\/30"}],"replies":[{"embeddable":true,"href":"https:\/\/mozaiq.mensa.rs\/index.php?rest_route=%2Fwp%2Fv2%2Fcomments&post=1479"}],"version-history":[{"count":12,"href":"https:\/\/mozaiq.mensa.rs\/index.php?rest_route=\/wp\/v2\/posts\/1479\/revisions"}],"predecessor-version":[{"id":1497,"href":"https:\/\/mozaiq.mensa.rs\/index.php?rest_route=\/wp\/v2\/posts\/1479\/revisions\/1497"}],"wp:featuredmedia":[{"embeddable":true,"href":"https:\/\/mozaiq.mensa.rs\/index.php?rest_route=\/wp\/v2\/media\/1480"}],"wp:attachment":[{"href":"https:\/\/mozaiq.mensa.rs\/index.php?rest_route=%2Fwp%2Fv2%2Fmedia&parent=1479"}],"wp:term":[{"taxonomy":"category","embeddable":true,"href":"https:\/\/mozaiq.mensa.rs\/index.php?rest_route=%2Fwp%2Fv2%2Fcategories&post=1479"},{"taxonomy":"post_tag","embeddable":true,"href":"https:\/\/mozaiq.mensa.rs\/index.php?rest_route=%2Fwp%2Fv2%2Ftags&post=1479"}],"curies":[{"name":"wp","href":"https:\/\/api.w.org\/{rel}","templated":true}]}}