{"id":1503,"date":"2023-02-10T15:00:27","date_gmt":"2023-02-10T13:00:27","guid":{"rendered":"https:\/\/mozaiq.mensa.rs\/?p=1503"},"modified":"2023-04-05T09:48:22","modified_gmt":"2023-04-05T07:48:22","slug":"tfg-erasmus-mensasrbije","status":"publish","type":"post","link":"https:\/\/mozaiq.mensa.rs\/?p=1503","title":{"rendered":"Teachers for Gifted \u2013 Erasmus+ projekat Mense Srbije"},"content":{"rendered":"<div data-elementor-type=\"wp-post\" data-elementor-id=\"1503\" class=\"elementor elementor-1503\"><div class=\"elementor-inner\"><div class=\"elementor-section-wrap\"><section class=\"elementor-section elementor-top-section elementor-element elementor-element-47ab010 elementor-section-boxed elementor-section-height-default elementor-section-height-default\" data-id=\"47ab010\" data-element_type=\"section\"><div class=\"elementor-container elementor-column-gap-default\"><div class=\"elementor-row\"><div class=\"elementor-column elementor-col-100 elementor-top-column elementor-element elementor-element-49182db\" data-id=\"49182db\" data-element_type=\"column\"><div class=\"elementor-column-wrap elementor-element-populated\"><div class=\"elementor-widget-wrap\"><div class=\"elementor-element elementor-element-5a2bedf elementor-widget elementor-widget-text-editor\" data-id=\"5a2bedf\" data-element_type=\"widget\" data-widget_type=\"text-editor.default\"><div class=\"elementor-widget-container\"><div class=\"elementor-text-editor elementor-clearfix\"><p style=\"text-align: left;\"><span style=\"color: #000000;\"><strong>Teachers for Gifted \u2013 Erasmus+ projekat Mense Srbije<\/strong><\/span><\/p><p style=\"text-align: left;\"><span style=\"color: #000000;\">Prvi Erasmus+ projekat u kome je Mensa Srbije u\u010destvovala imao je za cilj da donese u Srbiju znanje koje Mensa \u0160vedske prenosi na nastavni kadar u njihovoj zemlji, a u vezi sa potrebama darovitih u\u010denika. \u017deleli smo da nau\u010dimo od njih i znanje prilagodimo srpskim prilikama i prenesemo srpskoj prosveti. Ideja je za\u010deta jo\u0161 2016. kad smo na EMAG-u u Krakovu saznali za Gifted Children Program Mense \u0160vedske. Smi\u0161ljali smo kako da njihove predava\u010de dovedemo u Srbiju, ali nekako su nam re\u0161enja izmicala. \u0160ve\u0111ani su bili voljni da nam prenesu znanje, samo je trebalo da smislimo scenario i na\u010din realizacije. U to vreme onlajn opcije nisu toliko bile popularne. A onda se ukazala ideja da krenemo kroz Erasmus+ program. Naravno, nije lako ni napisati Erasmus+ projekat, a kamoli za njega dobiti sredstva. Me\u0111utim, ko ne proba, sigurno ne\u0107e uspeti, dakle, krenula sam u akciju.<\/span><\/p><figure id=\"attachment_1530\" aria-describedby=\"caption-attachment-1530\" style=\"width: 327px\" class=\"wp-caption alignleft\"><img decoding=\"async\" loading=\"lazy\" class=\"wp-image-1530\" src=\"https:\/\/mozaiq.mensa.rs\/wp-content\/uploads\/2023\/02\/20220819_133101-300x225.jpg\" alt=\"\" width=\"327\" height=\"245\" srcset=\"https:\/\/mozaiq.mensa.rs\/wp-content\/uploads\/2023\/02\/20220819_133101-300x225.jpg 300w, https:\/\/mozaiq.mensa.rs\/wp-content\/uploads\/2023\/02\/20220819_133101-1024x768.jpg 1024w, https:\/\/mozaiq.mensa.rs\/wp-content\/uploads\/2023\/02\/20220819_133101-768x576.jpg 768w, https:\/\/mozaiq.mensa.rs\/wp-content\/uploads\/2023\/02\/20220819_133101-1536x1152.jpg 1536w, https:\/\/mozaiq.mensa.rs\/wp-content\/uploads\/2023\/02\/20220819_133101-2048x1536.jpg 2048w, https:\/\/mozaiq.mensa.rs\/wp-content\/uploads\/2023\/02\/20220819_133101-600x450.jpg 600w\" sizes=\"(max-width: 327px) 100vw, 327px\"\/><figcaption id=\"caption-attachment-1530\" class=\"wp-caption-text\">Foto: Konferencija darovitosti<\/figcaption><\/figure><p style=\"text-align: left;\"><span style=\"color: #000000;\">Nakon par razli\u010ditih obuka, koje su mi dale samo blagu ideju o pisanju projekta, imala sam sre\u0107u da budem uklju\u010dena u jedan od projekata koji se ti\u010de NTC u\u010denja, i kroz to sam stekla uvid kako zapravo Erasmus+ projekat treba da izgleda. Tek mi je to pomoglo da skupim snagu i sednem i napi\u0161em tu projektnu aplikaciju. Naravno, prethodno je trebalo dobiti saglasnost \u0160vedske Mense, registrovati obe organizacije na evropskoj platformi za projekte i tek onda sam mogla da se bacim na ispisivanje opisa projekta.<\/span><\/p><p style=\"text-align: left;\"><span style=\"color: #000000;\">Prvi se ma\u010di\u0107i u vodu bacaju, te tako nisam uspela iz prve da uverim evaluatore da treba da nam daju sredstva za ovaj projekat. Dobila sam pismenu evaluaciju i iskreno \u2013 dosta toga nisam razumela \u0161ta su na\u0161li kao zamerke. Ali zato je tu Tempus fondacija \u2013 zadu\u017eena u Srbiji za Erasmus program i njihovi stru\u010dnjaci su mi istuma\u010dili poruke evaluatora i dali pregr\u0161t dobrih saveta kako da unapredim projektni predlog. Postupila sam po savetu i ponovo konkurisala za sredstva za projekat. I jula 2019. godine je zazvonio telefon\u2026 i javili su mi da su nam sredstva odobrena! Bila sam tog trenutka u gradskom prevozu i pravo je \u010dudo \u0161to autobus nije postao cepelin, koliko sam ja narasla i odletela od sre\u0107e i ponosa \u0161to sam za Mensu Srbije obezbedila sredstva za realizaciju projekta.<\/span><\/p><p>Mnogo sam se namu\u010dila da ispo\u0161tujem sve birokratske zahteve kako bi se projekat administrativno uspostavio. Na\u0161a zemlja je tek od 2018. godine pristupila Erasmus programu kao punopravni \u010dlan, te na\u0161e institucije jo\u0161 uvek nisu bile ba\u0161 informisane o svim sporazumima koje je na\u0161a vlada morala da napravi da bismo ispunili evropske zahteve za uklju\u010denje u ovaj program. Na primer, iskustvo otvaranja adekvatnog bankovnog ra\u010duna kakav EU tra\u017ei za potrebe projekta bio je poduhvat reda veli\u010dine osvajanja vrhova Kilimand\u017eara. No, izborismo se. I taman kad smo lepo krenuli sa planiranim aktivnostima i do\u0161li na korak od odlaska u \u0160vedsku \u2013 krenula je pandemija. Tek krajem prole\u0107a 2022 stekli su se uslovi da zaista i obavimo na\u0161u edukaciju u \u0160vedskoj. Naravno, prosvetnim radnicima ba\u0161 nije zgodno da putuju krajem \u0161kolske godine, te smo iskoristili \u010dinjenicu da u \u0160vedskoj \u0161kolska godina po\u010dinje sredinom avgusta. Tako da smo zakazali na\u0161e putovanje 15 \u2013 22. avgusta 2022.<\/p><figure id=\"attachment_1516\" aria-describedby=\"caption-attachment-1516\" style=\"width: 319px\" class=\"wp-caption alignright\"><img decoding=\"async\" loading=\"lazy\" class=\"wp-image-1516\" src=\"https:\/\/mozaiq.mensa.rs\/wp-content\/uploads\/2023\/02\/IMG_20220817_170638-300x225.jpg\" alt=\"\" width=\"319\" height=\"239\" srcset=\"https:\/\/mozaiq.mensa.rs\/wp-content\/uploads\/2023\/02\/IMG_20220817_170638-300x225.jpg 300w, https:\/\/mozaiq.mensa.rs\/wp-content\/uploads\/2023\/02\/IMG_20220817_170638-1024x768.jpg 1024w, https:\/\/mozaiq.mensa.rs\/wp-content\/uploads\/2023\/02\/IMG_20220817_170638-768x576.jpg 768w, https:\/\/mozaiq.mensa.rs\/wp-content\/uploads\/2023\/02\/IMG_20220817_170638-1536x1152.jpg 1536w, https:\/\/mozaiq.mensa.rs\/wp-content\/uploads\/2023\/02\/IMG_20220817_170638-600x450.jpg 600w, https:\/\/mozaiq.mensa.rs\/wp-content\/uploads\/2023\/02\/IMG_20220817_170638.jpg 1800w\" sizes=\"(max-width: 319px) 100vw, 319px\"\/><figcaption id=\"caption-attachment-1516\" class=\"wp-caption-text\">Foto: Konferencija darovitosti<\/figcaption><\/figure><p>U\u010desnici putovanja su bili odabrani konkursom me\u0111u aktivnim \u010dlanovima Mense koji rade u prosveti ili se na drugi na\u010din bave edukacijom. Ve\u0107 smo tokom pandemije dosta toga saznali kroz onlajn sesije sa \u0160ve\u0111anima, tako da je u toku samog putovanja akcenat bio stavljen na \u017eive diskusije sa osniva\u010dima programa \u0161vedske Mense, sa njihovim volonterima koji program sprovode, za posete \u0161kolama i razgovor sa nastavnicima, direktorima i roditeljima \u010dija su deca krajnji korisnici ovog programa. Naravno, Erasmus+ program predvi\u0111a i upoznavanje sa kulturom zemlje doma\u0107ina, tako da je deo vremena posve\u0107en obilascima Stokholma i okoline, posete muzejima i institucijama, a svakako i za dru\u017eenje sa \u010dlanovima Mense \u0160vedske.<\/p><\/div><\/div><\/div><\/div><\/div><\/div><\/div><\/div><\/section><section class=\"elementor-section elementor-top-section elementor-element elementor-element-bff313f elementor-section-boxed elementor-section-height-default elementor-section-height-default\" data-id=\"bff313f\" data-element_type=\"section\"><div class=\"elementor-container elementor-column-gap-default\"><div class=\"elementor-row\"><div class=\"elementor-column elementor-col-100 elementor-top-column elementor-element elementor-element-d1abd2c\" data-id=\"d1abd2c\" data-element_type=\"column\"><div class=\"elementor-column-wrap elementor-element-populated\"><div class=\"elementor-widget-wrap\"><div class=\"elementor-element elementor-element-5d705d0 elementor-arrows-position-inside elementor-pagination-position-outside elementor-widget elementor-widget-image-carousel\" data-id=\"5d705d0\" data-element_type=\"widget\" data-settings=\"{&quot;slides_to_show&quot;:&quot;2&quot;,&quot;navigation&quot;:&quot;both&quot;,&quot;autoplay&quot;:&quot;yes&quot;,&quot;pause_on_hover&quot;:&quot;yes&quot;,&quot;pause_on_interaction&quot;:&quot;yes&quot;,&quot;autoplay_speed&quot;:5000,&quot;infinite&quot;:&quot;yes&quot;,&quot;speed&quot;:500}\" data-widget_type=\"image-carousel.default\"><div class=\"elementor-widget-container\"><div class=\"elementor-image-carousel-wrapper swiper-container\" dir=\"ltr\"><div class=\"elementor-image-carousel swiper-wrapper\"><div class=\"swiper-slide\"><a data-elementor-open-lightbox=\"yes\" data-elementor-lightbox-slideshow=\"5d705d0\" data-elementor-lightbox-title=\"Konferencija\" e-action-hash=\"#elementor-action%3Aaction%3Dlightbox%26settings%3DeyJpZCI6MTUxNCwidXJsIjoiaHR0cHM6XC9cL21vemFpcS5tZW5zYS5yc1wvd3AtY29udGVudFwvdXBsb2Fkc1wvMjAyM1wvMDJcLzIwMjIwODE4XzEwNTQzMy1zY2FsZWQuanBnIiwic2xpZGVzaG93IjoiNWQ3MDVkMCJ9\" href=\"https:\/\/mozaiq.mensa.rs\/wp-content\/uploads\/2023\/02\/20220818_105433-scaled.jpg\"><figure class=\"swiper-slide-inner\"><img decoding=\"async\" class=\"swiper-slide-image\" src=\"https:\/\/mozaiq.mensa.rs\/wp-content\/uploads\/elementor\/thumbs\/20220818_105433-scaled-q1v8pawqv3zxjygg9jmq0ti0oqthifaq7fo1jxx8vk.jpg\" alt=\"Konferencija\" srcset=\"\"\/><\/figure><\/a><\/div><div class=\"swiper-slide\"><a data-elementor-open-lightbox=\"yes\" data-elementor-lightbox-slideshow=\"5d705d0\" data-elementor-lightbox-title=\"Konferencija\" e-action-hash=\"#elementor-action%3Aaction%3Dlightbox%26settings%3DeyJpZCI6MTUxNSwidXJsIjoiaHR0cHM6XC9cL21vemFpcS5tZW5zYS5yc1wvd3AtY29udGVudFwvdXBsb2Fkc1wvMjAyM1wvMDJcL0lNRy05ZWEyNDVkM2FmODJkMTY2MjdmYzAyM2E2YjRkYjA3NS1WLmpwZyIsInNsaWRlc2hvdyI6IjVkNzA1ZDAifQ%3D%3D\" href=\"https:\/\/mozaiq.mensa.rs\/wp-content\/uploads\/2023\/02\/IMG-9ea245d3af82d16627fc023a6b4db075-V.jpg\"><figure class=\"swiper-slide-inner\"><img decoding=\"async\" class=\"swiper-slide-image\" src=\"https:\/\/mozaiq.mensa.rs\/wp-content\/uploads\/elementor\/thumbs\/IMG-9ea245d3af82d16627fc023a6b4db075-V-q1v8pflxta6d609mi3nuvabbno6bkwtdw2xgybqa0g.jpg\" alt=\"Konferencija\" srcset=\"\"\/><\/figure><\/a><\/div><div class=\"swiper-slide\"><a data-elementor-open-lightbox=\"yes\" data-elementor-lightbox-slideshow=\"5d705d0\" data-elementor-lightbox-title=\"Konferencija\" e-action-hash=\"#elementor-action%3Aaction%3Dlightbox%26settings%3DeyJpZCI6MTUxOCwidXJsIjoiaHR0cHM6XC9cL21vemFpcS5tZW5zYS5yc1wvd3AtY29udGVudFwvdXBsb2Fkc1wvMjAyM1wvMDJcLzIwMjIwODE1XzE4Mzk0OC1zY2FsZWQuanBnIiwic2xpZGVzaG93IjoiNWQ3MDVkMCJ9\" href=\"https:\/\/mozaiq.mensa.rs\/wp-content\/uploads\/2023\/02\/20220815_183948-scaled.jpg\"><figure class=\"swiper-slide-inner\"><img decoding=\"async\" class=\"swiper-slide-image\" src=\"https:\/\/mozaiq.mensa.rs\/wp-content\/uploads\/elementor\/thumbs\/20220815_183948-scaled-q1v8pn4nbygnqvypa6wvf8f0er59ahn8l45csjf4mo.jpg\" alt=\"Konferencija\" srcset=\"\"\/><\/figure><\/a><\/div><div class=\"swiper-slide\"><a data-elementor-open-lightbox=\"yes\" data-elementor-lightbox-slideshow=\"5d705d0\" data-elementor-lightbox-title=\"Konferencija\" e-action-hash=\"#elementor-action%3Aaction%3Dlightbox%26settings%3DeyJpZCI6MTUxOSwidXJsIjoiaHR0cHM6XC9cL21vemFpcS5tZW5zYS5yc1wvd3AtY29udGVudFwvdXBsb2Fkc1wvMjAyM1wvMDJcLzIwMjIwODE1XzE4MzgzNC1zY2FsZWQuanBnIiwic2xpZGVzaG93IjoiNWQ3MDVkMCJ9\" href=\"https:\/\/mozaiq.mensa.rs\/wp-content\/uploads\/2023\/02\/20220815_183834-scaled.jpg\"><figure class=\"swiper-slide-inner\"><img decoding=\"async\" class=\"swiper-slide-image\" src=\"https:\/\/mozaiq.mensa.rs\/wp-content\/uploads\/elementor\/thumbs\/20220815_183834-scaled-q1v8ptpinspo05p57rr9eor8kg8tsddcy0pr5h5df4.jpg\" alt=\"Konferencija\" srcset=\"\"\/><\/figure><\/a><\/div><div class=\"swiper-slide\"><a data-elementor-open-lightbox=\"yes\" data-elementor-lightbox-slideshow=\"5d705d0\" data-elementor-lightbox-title=\"IMG-c5556c63f598bd8fcf618fb17a0323c9-V\" e-action-hash=\"#elementor-action%3Aaction%3Dlightbox%26settings%3DeyJpZCI6MTUyMCwidXJsIjoiaHR0cHM6XC9cL21vemFpcS5tZW5zYS5yc1wvd3AtY29udGVudFwvdXBsb2Fkc1wvMjAyM1wvMDJcL0lNRy1jNTU1NmM2M2Y1OThiZDhmY2Y2MThmYjE3YTAzMjNjOS1WLmpwZyIsInNsaWRlc2hvdyI6IjVkNzA1ZDAifQ%3D%3D\" href=\"https:\/\/mozaiq.mensa.rs\/wp-content\/uploads\/2023\/02\/IMG-c5556c63f598bd8fcf618fb17a0323c9-V.jpg\"><figure class=\"swiper-slide-inner\"><img decoding=\"async\" class=\"swiper-slide-image\" src=\"https:\/\/mozaiq.mensa.rs\/wp-content\/uploads\/elementor\/thumbs\/IMG-c5556c63f598bd8fcf618fb17a0323c9-V-q1v8pyeplyw3m7ibgbse95kjjdlnuuw0mnz6juyek0.jpg\" alt=\"Obilazak\" srcset=\"\"\/><\/figure><\/a><\/div><div class=\"swiper-slide\"><a data-elementor-open-lightbox=\"yes\" data-elementor-lightbox-slideshow=\"5d705d0\" data-elementor-lightbox-title=\"Obilazak\" e-action-hash=\"#elementor-action%3Aaction%3Dlightbox%26settings%3DeyJpZCI6MTUyMSwidXJsIjoiaHR0cHM6XC9cL21vemFpcS5tZW5zYS5yc1wvd3AtY29udGVudFwvdXBsb2Fkc1wvMjAyM1wvMDJcLzIwMjItMDgtMjAtU3RvY2tob2xtLTEyOS1zY2FsZWQuanBnIiwic2xpZGVzaG93IjoiNWQ3MDVkMCJ9\" href=\"https:\/\/mozaiq.mensa.rs\/wp-content\/uploads\/2023\/02\/2022-08-20-Stockholm-129-scaled.jpg\"><figure class=\"swiper-slide-inner\"><img decoding=\"async\" class=\"swiper-slide-image\" src=\"https:\/\/mozaiq.mensa.rs\/wp-content\/uploads\/elementor\/thumbs\/2022-08-20-Stockholm-129-scaled-q1v8q262db18wncuudewj4mdwx34pnaxz6l4gystv4.jpg\" alt=\"Obilazak\" srcset=\"\"\/><\/figure><\/a><\/div><div class=\"swiper-slide\"><a data-elementor-open-lightbox=\"yes\" data-elementor-lightbox-slideshow=\"5d705d0\" data-elementor-lightbox-title=\"Obilazak\" e-action-hash=\"#elementor-action%3Aaction%3Dlightbox%26settings%3DeyJpZCI6MTUyMiwidXJsIjoiaHR0cHM6XC9cL21vemFpcS5tZW5zYS5yc1wvd3AtY29udGVudFwvdXBsb2Fkc1wvMjAyM1wvMDJcLzIwMjItMDgtMTktU3RvY2tob2xtLTE1Mi1zY2FsZWQuanBnIiwic2xpZGVzaG93IjoiNWQ3MDVkMCJ9\" href=\"https:\/\/mozaiq.mensa.rs\/wp-content\/uploads\/2023\/02\/2022-08-19-Stockholm-152-scaled.jpg\"><figure class=\"swiper-slide-inner\"><img decoding=\"async\" class=\"swiper-slide-image\" src=\"https:\/\/mozaiq.mensa.rs\/wp-content\/uploads\/elementor\/thumbs\/2022-08-19-Stockholm-152-scaled-q1v8q9orvzbjhj1xmgnx32q2o022f84so7t0b6hohc.jpg\" alt=\"Obilazak\" srcset=\"\"\/><\/figure><\/a><\/div><div class=\"swiper-slide\"><a data-elementor-open-lightbox=\"yes\" data-elementor-lightbox-slideshow=\"5d705d0\" data-elementor-lightbox-title=\"Obilazak\" e-action-hash=\"#elementor-action%3Aaction%3Dlightbox%26settings%3DeyJpZCI6MTUyMywidXJsIjoiaHR0cHM6XC9cL21vemFpcS5tZW5zYS5yc1wvd3AtY29udGVudFwvdXBsb2Fkc1wvMjAyM1wvMDJcLzIwMjIwODE2XzEzMjIwOS1zY2FsZWQuanBnIiwic2xpZGVzaG93IjoiNWQ3MDVkMCJ9\" href=\"https:\/\/mozaiq.mensa.rs\/wp-content\/uploads\/2023\/02\/20220816_132209-scaled.jpg\"><figure class=\"swiper-slide-inner\"><img decoding=\"async\" class=\"swiper-slide-image\" src=\"https:\/\/mozaiq.mensa.rs\/wp-content\/uploads\/elementor\/thumbs\/20220816_132209-scaled-q1v8qh7henlu2er0ejwxn0trf3104synd90w5e6j3k.jpg\" alt=\"Obilazak\" srcset=\"\"\/><\/figure><\/a><\/div><div class=\"swiper-slide\"><a data-elementor-open-lightbox=\"yes\" data-elementor-lightbox-slideshow=\"5d705d0\" data-elementor-lightbox-title=\"Muzej\" e-action-hash=\"#elementor-action%3Aaction%3Dlightbox%26settings%3DeyJpZCI6MTUyNCwidXJsIjoiaHR0cHM6XC9cL21vemFpcS5tZW5zYS5yc1wvd3AtY29udGVudFwvdXBsb2Fkc1wvMjAyM1wvMDJcLzIwMjIwODE2XzEyMTgwMS1zY2FsZWQuanBnIiwic2xpZGVzaG93IjoiNWQ3MDVkMCJ9\" href=\"https:\/\/mozaiq.mensa.rs\/wp-content\/uploads\/2023\/02\/20220816_121801-scaled.jpg\"><figure class=\"swiper-slide-inner\"><img decoding=\"async\" class=\"swiper-slide-image\" src=\"https:\/\/mozaiq.mensa.rs\/wp-content\/uploads\/elementor\/thumbs\/20220816_121801-scaled-q1v8qnscqhuubohgc4rbmh5zks4kmoorq5laibwrw0.jpg\" alt=\"Muzej\" srcset=\"\"\/><\/figure><\/a><\/div><div class=\"swiper-slide\"><a data-elementor-open-lightbox=\"yes\" data-elementor-lightbox-slideshow=\"5d705d0\" data-elementor-lightbox-title=\"Obilazak\" e-action-hash=\"#elementor-action%3Aaction%3Dlightbox%26settings%3DeyJpZCI6MTUyNSwidXJsIjoiaHR0cHM6XC9cL21vemFpcS5tZW5zYS5yc1wvd3AtY29udGVudFwvdXBsb2Fkc1wvMjAyM1wvMDJcLzIwMjItMDgtMTYtU3RvY2tob2xtLTMzLXNjYWxlZC5qcGciLCJzbGlkZXNob3ciOiI1ZDcwNWQwIn0%3D\" href=\"https:\/\/mozaiq.mensa.rs\/wp-content\/uploads\/2023\/02\/2022-08-16-Stockholm-33-scaled.jpg\"><figure class=\"swiper-slide-inner\"><img decoding=\"async\" class=\"swiper-slide-image\" src=\"https:\/\/mozaiq.mensa.rs\/wp-content\/uploads\/elementor\/thumbs\/2022-08-16-Stockholm-33-scaled-q1v8qy4kto8zve2fnr87vwk240plzcttfkrmsdhfzk.jpg\" alt=\"Obilazak\" srcset=\"\"\/><\/figure><\/a><\/div><div class=\"swiper-slide\"><a data-elementor-open-lightbox=\"yes\" data-elementor-lightbox-slideshow=\"5d705d0\" data-elementor-lightbox-title=\"Obilazak\" e-action-hash=\"#elementor-action%3Aaction%3Dlightbox%26settings%3DeyJpZCI6MTUyNiwidXJsIjoiaHR0cHM6XC9cL21vemFpcS5tZW5zYS5yc1wvd3AtY29udGVudFwvdXBsb2Fkc1wvMjAyM1wvMDJcLzIwMjIwODE3XzEyNTUzNC1zY2FsZWQuanBnIiwic2xpZGVzaG93IjoiNWQ3MDVkMCJ9\" href=\"https:\/\/mozaiq.mensa.rs\/wp-content\/uploads\/2023\/02\/20220817_125534-scaled.jpg\"><figure class=\"swiper-slide-inner\"><img decoding=\"async\" class=\"swiper-slide-image\" src=\"https:\/\/mozaiq.mensa.rs\/wp-content\/uploads\/elementor\/thumbs\/20220817_125534-scaled-q1v8r5naccjag9rifuh8funqv3ojoxno4lziml6als.jpg\" alt=\"Obilazak\" srcset=\"\"\/><\/figure><\/a><\/div><div class=\"swiper-slide\"><a data-elementor-open-lightbox=\"yes\" data-elementor-lightbox-slideshow=\"5d705d0\" data-elementor-lightbox-title=\"Obilazak\" e-action-hash=\"#elementor-action%3Aaction%3Dlightbox%26settings%3DeyJpZCI6MTUyNywidXJsIjoiaHR0cHM6XC9cL21vemFpcS5tZW5zYS5yc1wvd3AtY29udGVudFwvdXBsb2Fkc1wvMjAyM1wvMDJcL0lNR18yMDIyMDgxNl8xNDA4MDctc2NhbGVkLmpwZyIsInNsaWRlc2hvdyI6IjVkNzA1ZDAifQ%3D%3D\" href=\"https:\/\/mozaiq.mensa.rs\/wp-content\/uploads\/2023\/02\/IMG_20220816_140807-scaled.jpg\"><figure class=\"swiper-slide-inner\"><img decoding=\"async\" class=\"swiper-slide-image\" src=\"https:\/\/mozaiq.mensa.rs\/wp-content\/uploads\/elementor\/thumbs\/IMG_20220816_140807-scaled-q1v8rd5zv0tl15gl7xq8zsrfm6nheihitn7egsv580.jpg\" alt=\"Obilazak\" srcset=\"\"\/><\/figure><\/a><\/div><div class=\"swiper-slide\"><a data-elementor-open-lightbox=\"yes\" data-elementor-lightbox-slideshow=\"5d705d0\" data-elementor-lightbox-title=\"Obilazak\" e-action-hash=\"#elementor-action%3Aaction%3Dlightbox%26settings%3DeyJpZCI6MTUyOCwidXJsIjoiaHR0cHM6XC9cL21vemFpcS5tZW5zYS5yc1wvd3AtY29udGVudFwvdXBsb2Fkc1wvMjAyM1wvMDJcLzIwMjIwODE2XzEzMjMxNC1zY2FsZWQuanBnIiwic2xpZGVzaG93IjoiNWQ3MDVkMCJ9\" href=\"https:\/\/mozaiq.mensa.rs\/wp-content\/uploads\/2023\/02\/20220816_132314-scaled.jpg\"><figure class=\"swiper-slide-inner\"><img decoding=\"async\" class=\"swiper-slide-image\" src=\"https:\/\/mozaiq.mensa.rs\/wp-content\/uploads\/elementor\/thumbs\/20220816_132314-scaled-q1v8rhv6t700n79rghrdu9kql40bh006iagtv6o6cw.jpg\" alt=\"Obilazak\" srcset=\"\"\/><\/figure><\/a><\/div><div class=\"swiper-slide\"><a data-elementor-open-lightbox=\"yes\" data-elementor-lightbox-slideshow=\"5d705d0\" data-elementor-lightbox-title=\"Konferencija\" e-action-hash=\"#elementor-action%3Aaction%3Dlightbox%26settings%3DeyJpZCI6MTUyOSwidXJsIjoiaHR0cHM6XC9cL21vemFpcS5tZW5zYS5yc1wvd3AtY29udGVudFwvdXBsb2Fkc1wvMjAyM1wvMDJcLzIwMjIwODE1XzE1NTY1My1zY2FsZWQuanBnIiwic2xpZGVzaG93IjoiNWQ3MDVkMCJ9\" href=\"https:\/\/mozaiq.mensa.rs\/wp-content\/uploads\/2023\/02\/20220815_155653-scaled.jpg\"><figure class=\"swiper-slide-inner\"><img decoding=\"async\" class=\"swiper-slide-image\" src=\"https:\/\/mozaiq.mensa.rs\/wp-content\/uploads\/elementor\/thumbs\/20220815_155653-scaled-q1v8rpdwbvab82yu8l0ee7ofc6z96ku17bopped0z4.jpg\" alt=\"Konferencija\" srcset=\"\"\/><\/figure><\/a><\/div><div class=\"swiper-slide\"><a data-elementor-open-lightbox=\"yes\" data-elementor-lightbox-slideshow=\"5d705d0\" data-elementor-lightbox-title=\"Konferencija\" e-action-hash=\"#elementor-action%3Aaction%3Dlightbox%26settings%3DeyJpZCI6MTUzMSwidXJsIjoiaHR0cHM6XC9cL21vemFpcS5tZW5zYS5yc1wvd3AtY29udGVudFwvdXBsb2Fkc1wvMjAyM1wvMDJcLzIwMjItMDgtMTgtU3RvY2tob2xtLTUxLXNjYWxlZC5qcGciLCJzbGlkZXNob3ciOiI1ZDcwNWQwIn0%3D\" href=\"https:\/\/mozaiq.mensa.rs\/wp-content\/uploads\/2023\/02\/2022-08-18-Stockholm-51-scaled.jpg\"><figure class=\"swiper-slide-inner\"><img decoding=\"async\" class=\"swiper-slide-image\" src=\"https:\/\/mozaiq.mensa.rs\/wp-content\/uploads\/elementor\/thumbs\/2022-08-18-Stockholm-51-scaled-q1v8s4fbd7uwduczsrifi3vsucx4lqhqle4hdtqq7k.jpg\" alt=\"Konferencija\" srcset=\"\"\/><\/figure><\/a><\/div><div class=\"swiper-slide\"><a data-elementor-open-lightbox=\"yes\" data-elementor-lightbox-slideshow=\"5d705d0\" data-elementor-lightbox-title=\"Radionica\" e-action-hash=\"#elementor-action%3Aaction%3Dlightbox%26settings%3DeyJpZCI6MTUzMiwidXJsIjoiaHR0cHM6XC9cL21vemFpcS5tZW5zYS5yc1wvd3AtY29udGVudFwvdXBsb2Fkc1wvMjAyM1wvMDJcLzIwMjIwODE4XzE1NDI1NS1zY2FsZWQuanBnIiwic2xpZGVzaG93IjoiNWQ3MDVkMCJ9\" href=\"https:\/\/mozaiq.mensa.rs\/wp-content\/uploads\/2023\/02\/20220818_154255-scaled.jpg\"><figure class=\"swiper-slide-inner\"><img decoding=\"async\" class=\"swiper-slide-image\" src=\"https:\/\/mozaiq.mensa.rs\/wp-content\/uploads\/elementor\/thumbs\/20220818_154255-scaled-q1v8sb06p23wn43fqccthk81020p3m7uyaovqrgz00.jpg\" alt=\"Radionica\" srcset=\"\"\/><\/figure><\/a><\/div><div class=\"swiper-slide\"><a data-elementor-open-lightbox=\"yes\" data-elementor-lightbox-slideshow=\"5d705d0\" data-elementor-lightbox-title=\"Konferencija\" e-action-hash=\"#elementor-action%3Aaction%3Dlightbox%26settings%3DeyJpZCI6MTUzMywidXJsIjoiaHR0cHM6XC9cL21vemFpcS5tZW5zYS5yc1wvd3AtY29udGVudFwvdXBsb2Fkc1wvMjAyM1wvMDJcL0lNR18yMDIyMDgxOF8xNjU1NTZfMS5qcGciLCJzbGlkZXNob3ciOiI1ZDcwNWQwIn0%3D\" href=\"https:\/\/mozaiq.mensa.rs\/wp-content\/uploads\/2023\/02\/IMG_20220818_165556_1.jpg\"><figure class=\"swiper-slide-inner\"><img decoding=\"async\" class=\"swiper-slide-image\" src=\"https:\/\/mozaiq.mensa.rs\/wp-content\/uploads\/elementor\/thumbs\/IMG_20220818_165556_1-q1v8sgn7u2bmkrv8teskwisskd8wdsu8z2lsmf8lyo.jpg\" alt=\"Konferencija\" srcset=\"\"\/><\/figure><\/a><\/div><div class=\"swiper-slide\"><a data-elementor-open-lightbox=\"yes\" data-elementor-lightbox-slideshow=\"5d705d0\" data-elementor-lightbox-title=\"Konferencija\" e-action-hash=\"#elementor-action%3Aaction%3Dlightbox%26settings%3DeyJpZCI6MTUxNywidXJsIjoiaHR0cHM6XC9cL21vemFpcS5tZW5zYS5yc1wvd3AtY29udGVudFwvdXBsb2Fkc1wvMjAyM1wvMDJcL0lNRy1mZmVlNDAwNWNiOWUzYWQ2MjdkNGU2YThiOTcyYWUwZi1WLmpwZyIsInNsaWRlc2hvdyI6IjVkNzA1ZDAifQ%3D%3D\" href=\"https:\/\/mozaiq.mensa.rs\/wp-content\/uploads\/2023\/02\/IMG-ffee4005cb9e3ad627d4e6a8b972ae0f-V.jpg\"><figure class=\"swiper-slide-inner\"><img decoding=\"async\" class=\"swiper-slide-image\" src=\"https:\/\/mozaiq.mensa.rs\/wp-content\/uploads\/elementor\/thumbs\/IMG-ffee4005cb9e3ad627d4e6a8b972ae0f-V-q1v8pjdakmbigg45w5ad59d617nsfp8b8ljevfkpbk.jpg\" alt=\"Konferencija\" srcset=\"\"\/><\/figure><\/a><\/div><\/div><div class=\"swiper-pagination\"><\/div><div class=\"elementor-swiper-button elementor-swiper-button-prev\"><i aria-hidden=\"true\" class=\"eicon-chevron-left\"><\/i><span class=\"elementor-screen-only\">Prethodna<\/span><\/div><div class=\"elementor-swiper-button elementor-swiper-button-next\"><i aria-hidden=\"true\" class=\"eicon-chevron-right\"><\/i><span class=\"elementor-screen-only\">Slede\u0107i<\/span><\/div><\/div><\/div><\/div><\/div><\/div><\/div><\/div><\/div><\/section><section class=\"elementor-section elementor-top-section elementor-element elementor-element-bc9e7f7 elementor-section-boxed elementor-section-height-default elementor-section-height-default\" data-id=\"bc9e7f7\" data-element_type=\"section\"><div class=\"elementor-container elementor-column-gap-default\"><div class=\"elementor-row\"><div class=\"elementor-column elementor-col-100 elementor-top-column elementor-element elementor-element-0759b86\" data-id=\"0759b86\" data-element_type=\"column\"><div class=\"elementor-column-wrap elementor-element-populated\"><div class=\"elementor-widget-wrap\"><div class=\"elementor-element elementor-element-c449d89 elementor-widget elementor-widget-text-editor\" data-id=\"c449d89\" data-element_type=\"widget\" data-widget_type=\"text-editor.default\"><div class=\"elementor-widget-container\"><div class=\"elementor-text-editor elementor-clearfix\"><p><span style=\"color: #000000;\">Ono \u0161to je meni bilo posebno drago je \u0161to je deo na\u0161ih u\u010desnika prvi put putovao na neko daleko evropsko putovanje, prvi put leteo avionom, te je bilo pravo zadovoljstvo gledati sjaj u njihovim o\u010dima i slu\u0161ati odu\u0161evljene utiske. Iz mog bogatog iskustva turisti\u010dkog vodi\u010da mogu da konstatujem da je grupa funkcionisala kao sat, premda nisu svi imali takav utisak, jer naravno, kad nas ima petnaest, sve traje zna\u010dajno du\u017ee nego kad je neko sam ili ide sa nekim u paru. Ja li\u010dno sam bila prezadovoljna \u0161to smo svuda stigli na vreme, niko se nije izgubio, niko nije ostao uskra\u0107en za bilo koju \u017eelju ili nameru. Posebno mi je drago \u0161to smo nekako doneli novu dimenziju i na\u0161im doma\u0107inima. Tehni\u010dki, doma\u0107in je bila Monika Orski, biv\u0161a predsednica \u0160vedske Mense, koja je sad predsednica Nordijske Mensa fondacije. A operativno je za nas bila zadu\u017eena \u00a0D\u017eeni (Jenny) Revali, jedna od koordinatora <\/span><em style=\"color: #000000;\">Gifted Children<\/em><span style=\"color: #000000;\"> programa, a njen partner Ismo je ni kriv ni du\u017ean postao na\u0161 glavni logisti\u010dki kontakt. Divni ljudi! Zaista smo fantasti\u010dne razgovore sa njima imali i ba\u0161 se lepo dru\u017eili i shvatili smo da je D\u017eeni dobila dodatnu inspiraciju kroz susret sa nama, \u0161to nam je posebno drago. Ve\u0107 mesec dana nakon na\u0161e posete, ona je do\u0161la u Beograd da govori na na\u0161oj konferenciji o darovitosti i da nastavi sa umre\u017eavanjem koje smo zapo\u010deli u Stokholmu.<\/span><\/p><p><span style=\"color: #000000;\">Boravak u \u0160vedskoj ne\u0107u opisivati, neka vam ga ilustruju na\u0161e fotografije. Ono \u0161to je usledilo je bio jedan, blago re\u010deno, stampedo: imali smo mesec i po dana do kraja projekta da formuli\u0161emo obuku za srpsku prosvetu, da zaka\u017eemo, promovi\u0161emo i sprovedemo istu u 5 gradova, da pripremimo panel za konferenciju o darovitosti, da na osnovu dobijene povratne informacije doradimo\/unapredimo obuku, da pripremimo bro\u0161uru za nastavnike. Tako\u0111e je trebalo snimiti iskustva u\u010desnika obuke i prirediti te materijale za objavljivanje. Opet je timski rad do\u0161ao do izra\u017eaja, svi smo zaista zdu\u0161no prionuli na posao i cilj je postignut! Do kraja septembra sve projektne aktivnosti se zavr\u0161ene i kao dodatni ishod projekta, formirali smo i FB grupu za podr\u0161ku nastavnicima darovitih.<\/span><\/p><figure id=\"attachment_1545\" aria-describedby=\"caption-attachment-1545\" style=\"width: 311px\" class=\"wp-caption alignleft\"><img decoding=\"async\" loading=\"lazy\" class=\"wp-image-1545\" src=\"https:\/\/mozaiq.mensa.rs\/wp-content\/uploads\/2023\/02\/IMG_20220818_165625-300x225.jpg\" alt=\"\" width=\"311\" height=\"233\" srcset=\"https:\/\/mozaiq.mensa.rs\/wp-content\/uploads\/2023\/02\/IMG_20220818_165625-300x225.jpg 300w, https:\/\/mozaiq.mensa.rs\/wp-content\/uploads\/2023\/02\/IMG_20220818_165625-1024x768.jpg 1024w, https:\/\/mozaiq.mensa.rs\/wp-content\/uploads\/2023\/02\/IMG_20220818_165625-768x576.jpg 768w, https:\/\/mozaiq.mensa.rs\/wp-content\/uploads\/2023\/02\/IMG_20220818_165625-1536x1152.jpg 1536w, https:\/\/mozaiq.mensa.rs\/wp-content\/uploads\/2023\/02\/IMG_20220818_165625-600x450.jpg 600w, https:\/\/mozaiq.mensa.rs\/wp-content\/uploads\/2023\/02\/IMG_20220818_165625.jpg 1800w\" sizes=\"(max-width: 311px) 100vw, 311px\"\/><figcaption id=\"caption-attachment-1545\" class=\"wp-caption-text\">Foto: Konferencija darovitosti<\/figcaption><\/figure><p><span style=\"color: #000000;\">Kad sumiram sve \u0161to je iza nas mogu da konstatujem da su svi na neki na\u010din imali benefite od ovog projekta: Mensa Srbije se pozicionirala kao autoritet u Srbiji za pitanja darovitosti, a osnovali smo i na\u0161 <em>Gifted Children<\/em> program. Mensa \u0160vedske je imala odli\u010dnu medijsku prisutnost zbog na\u0161e posete. U\u010desnici projekta iz na\u0161ih redova su dosta toga nau\u010dili, videli, stekli velika iskustva, a na\u0161a doma\u0107ica D\u017eeni je dobila jednu veliku novu porodicu, \u010dija joj podr\u0161ka izgleda puno zna\u010di. Nekako vidimo da se ose\u0107a time osna\u017eena. Srpska prosveta je dobila prakti\u010dnu i efikasnu obuku o prepoznavanju i radu sa darovitima, koju mo\u017ee u bilo kom trenutku da zatra\u017ei od Mense Srbije, a akreditovali smo i seminar <a style=\"color: #000000;\" href=\"https:\/\/zuov-katalog.rs\/index.php?action=page\/catalog\/view&amp;id=576\">\u201eNa darovitima svet ostaje \u2013 Mensa Srbije o prepoznavanju i radu sa darovitima\u201c<\/a> koji je na raspolaganju u katalogu Zavoda za unapre\u0111enje obrazovanja i vaspitanja.<\/span><\/p><p><span style=\"color: #000000;\">Za sve ovo sam izuzetno zahvalna svima koji su doprineli da ovaj projekat bude realizovan, fondaciji <em>Tempus<\/em>, Mensi \u0160vedske, mom timu nastavnika za darovite, naravno i PR timu Mense Srbije koji je ulo\u017eio izuzetne napore da isprati na\u0161 ludi tempo na kraju projekta. Nadam se uskoro nekim novim prilikama za evropske projekte i aktivno radim na tome.<\/span><\/p><hr><p><span style=\"color: #000000;\">Aleksandra Borovi\u0107, autor i menad\u017eer projekta\u00a0<em>Teachers for Gifted,<\/em> predsednica Mense Srbije<\/span><\/p><p><span style=\"color: #000000;\"><b>Autori fotografija<\/b>\u00a0su \u010dlanovi Mense Srbije i \u0160vedske<\/span><\/p><\/div><\/div><\/div><\/div><\/div><\/div><\/div><\/div><\/section><\/div><\/div><\/div>","protected":false},"excerpt":{"rendered":"<p>Prvi Erasmus+ projekat u kome je Mensa Srbije u\u010destvovala imao je za cilj da donese u Srbiju znanje koje Mensa \u0160vedske prenosi na nastavni kadar u njihovoj zemlji, a u vezi sa potrebama darovitih u\u010denika. \u017deleli smo da nau\u010dimo od njih i znanje prilagodimo srpskim prilikama i prenesemo srpskoj prosveti. <\/p>\n","protected":false},"author":30,"featured_media":1553,"comment_status":"open","ping_status":"open","sticky":false,"template":"","format":"standard","meta":[],"categories":[5,50],"tags":[],"_links":{"self":[{"href":"https:\/\/mozaiq.mensa.rs\/index.php?rest_route=\/wp\/v2\/posts\/1503"}],"collection":[{"href":"https:\/\/mozaiq.mensa.rs\/index.php?rest_route=\/wp\/v2\/posts"}],"about":[{"href":"https:\/\/mozaiq.mensa.rs\/index.php?rest_route=\/wp\/v2\/types\/post"}],"author":[{"embeddable":true,"href":"https:\/\/mozaiq.mensa.rs\/index.php?rest_route=\/wp\/v2\/users\/30"}],"replies":[{"embeddable":true,"href":"https:\/\/mozaiq.mensa.rs\/index.php?rest_route=%2Fwp%2Fv2%2Fcomments&post=1503"}],"version-history":[{"count":24,"href":"https:\/\/mozaiq.mensa.rs\/index.php?rest_route=\/wp\/v2\/posts\/1503\/revisions"}],"predecessor-version":[{"id":1556,"href":"https:\/\/mozaiq.mensa.rs\/index.php?rest_route=\/wp\/v2\/posts\/1503\/revisions\/1556"}],"wp:featuredmedia":[{"embeddable":true,"href":"https:\/\/mozaiq.mensa.rs\/index.php?rest_route=\/wp\/v2\/media\/1553"}],"wp:attachment":[{"href":"https:\/\/mozaiq.mensa.rs\/index.php?rest_route=%2Fwp%2Fv2%2Fmedia&parent=1503"}],"wp:term":[{"taxonomy":"category","embeddable":true,"href":"https:\/\/mozaiq.mensa.rs\/index.php?rest_route=%2Fwp%2Fv2%2Fcategories&post=1503"},{"taxonomy":"post_tag","embeddable":true,"href":"https:\/\/mozaiq.mensa.rs\/index.php?rest_route=%2Fwp%2Fv2%2Ftags&post=1503"}],"curies":[{"name":"wp","href":"https:\/\/api.w.org\/{rel}","templated":true}]}}