{"id":1743,"date":"2023-10-05T12:28:00","date_gmt":"2023-10-05T10:28:00","guid":{"rendered":"https:\/\/mozaiq.mensa.rs\/?p=1743"},"modified":"2023-12-27T19:08:59","modified_gmt":"2023-12-27T17:08:59","slug":"mensa-oplenac-2023","status":"publish","type":"post","link":"https:\/\/mozaiq.mensa.rs\/?p=1743","title":{"rendered":"Mensa Srbije na \u0161estom de\u010dijem festivalu na Oplencu"},"content":{"rendered":"<div data-elementor-type=\"wp-post\" data-elementor-id=\"1743\" class=\"elementor elementor-1743\"><div class=\"elementor-inner\"><div class=\"elementor-section-wrap\"><section class=\"elementor-section elementor-top-section elementor-element elementor-element-c8580ee elementor-section-boxed elementor-section-height-default elementor-section-height-default\" data-id=\"c8580ee\" data-element_type=\"section\"><div class=\"elementor-container elementor-column-gap-default\"><div class=\"elementor-row\"><div class=\"elementor-column elementor-col-100 elementor-top-column elementor-element elementor-element-838d78a\" data-id=\"838d78a\" data-element_type=\"column\"><div class=\"elementor-column-wrap elementor-element-populated\"><div class=\"elementor-widget-wrap\"><div class=\"elementor-element elementor-element-feb1498 elementor-widget elementor-widget-text-editor\" data-id=\"feb1498\" data-element_type=\"widget\" data-widget_type=\"text-editor.default\"><div class=\"elementor-widget-container\"><div class=\"elementor-text-editor elementor-clearfix\"><p>Jahanje konja, streli\u010darstvo, zdrava hrana, laboratorija na otvorenom, ples, muzika, strani jezici, sportovi, senzorna \u0161uma, poligoni spretnosti, Mensine radionice, predstave, edukacije i predavanja za decu \u2013 sve to smo imali prilike da vidimo, posetimo i osetimo 17. septembra 2023. godine na \u0161estom De\u010djem festivalu na Oplencu.<\/p><figure id=\"attachment_1746\" aria-describedby=\"caption-attachment-1746\" style=\"width: 269px\" class=\"wp-caption alignleft\"><img decoding=\"async\" loading=\"lazy\" class=\"wp-image-1746\" src=\"https:\/\/mozaiq.mensa.rs\/wp-content\/uploads\/2023\/10\/IMG_6712-225x300.jpeg\" alt=\"\" width=\"269\" height=\"359\" srcset=\"https:\/\/mozaiq.mensa.rs\/wp-content\/uploads\/2023\/10\/IMG_6712-225x300.jpeg 225w, https:\/\/mozaiq.mensa.rs\/wp-content\/uploads\/2023\/10\/IMG_6712-768x1024.jpeg 768w, https:\/\/mozaiq.mensa.rs\/wp-content\/uploads\/2023\/10\/IMG_6712-1152x1536.jpeg 1152w, https:\/\/mozaiq.mensa.rs\/wp-content\/uploads\/2023\/10\/IMG_6712-1536x2048.jpeg 1536w, https:\/\/mozaiq.mensa.rs\/wp-content\/uploads\/2023\/10\/IMG_6712-600x800.jpeg 600w, https:\/\/mozaiq.mensa.rs\/wp-content\/uploads\/2023\/10\/IMG_6712-scaled.jpeg 1920w\" sizes=\"(max-width: 269px) 100vw, 269px\"\/><figcaption id=\"caption-attachment-1746\" class=\"wp-caption-text\">Foto: Mensa Srbije<\/figcaption><\/figure><p>Radionicama odseka \u201eMensa deci\u201c prisustvovao je veliki broj mali\u0161ana koji su zajedno sa na\u0161im \u010dlanovima u\u017eivali u ispoljavanju svoje kreativnosti, edukativnim razgovorima i naravno, razvoju inteligencije. Na\u0161e radionice su imale za cilj da deci na \u0161to adekvatniji na\u010din pribli\u017eimo prirodu i brigu o njoj, vite\u0161ke ve\u0161tine, humanost, empatiju kao i upoznavanje sa brojevima. \u017deleli smo da ih podstaknemo na razmi\u0161ljanje o sebi samima. Bilo je vi\u0161e radionic\u0101.<\/p><p>U radionici \u201e\u010carobno drvo\u201c deca su imala priliku da stvore sopstveno drvo \u017eelja. Nau\u010dili su da je va\u017eno imati svoju viziju budu\u0107nosti i postaviti li\u010dne ciljeve. Kroz simboli\u010dan \u010din \u201eka\u010denja\u201c \u017eelja na drve\u0107u, deca su uvi\u0111ala koliko su \u017eelje va\u017ene i kako treba da se\u00a0 radi na njihovom ostvarenju. Radionicu je vodila na\u0161a \u010dlanica Marijana Nikoli\u0107 uz na\u0161u najmla\u0111u volonterku Nikolinu.<\/p><p>Druga radionica je podrazumevala igre sa \u0161pilom karata, koji je nudio mogu\u0107nost da deca kroz dru\u0161tvenu igru i zabavu podstaknu sebe na osmi\u0161ljavanje velikog broja kombinacija, re\u0161enja, razvrstavanja i re\u0111anja. Autor ove radionice koja nosi naziv \u201eKreativna matematika\u201c je Mom\u010dilo Stepanovi\u0107, a on je i kreator ovog didakti\u010dkog sredstva.<\/p><figure id=\"attachment_1747\" aria-describedby=\"caption-attachment-1747\" style=\"width: 259px\" class=\"wp-caption alignright\"><img decoding=\"async\" loading=\"lazy\" class=\"wp-image-1747\" src=\"https:\/\/mozaiq.mensa.rs\/wp-content\/uploads\/2023\/10\/IMG_6711-225x300.jpeg\" alt=\"\" width=\"259\" height=\"346\" srcset=\"https:\/\/mozaiq.mensa.rs\/wp-content\/uploads\/2023\/10\/IMG_6711-225x300.jpeg 225w, https:\/\/mozaiq.mensa.rs\/wp-content\/uploads\/2023\/10\/IMG_6711-768x1024.jpeg 768w, https:\/\/mozaiq.mensa.rs\/wp-content\/uploads\/2023\/10\/IMG_6711-1152x1536.jpeg 1152w, https:\/\/mozaiq.mensa.rs\/wp-content\/uploads\/2023\/10\/IMG_6711-1536x2048.jpeg 1536w, https:\/\/mozaiq.mensa.rs\/wp-content\/uploads\/2023\/10\/IMG_6711-600x800.jpeg 600w, https:\/\/mozaiq.mensa.rs\/wp-content\/uploads\/2023\/10\/IMG_6711-scaled.jpeg 1920w\" sizes=\"(max-width: 259px) 100vw, 259px\"\/><figcaption id=\"caption-attachment-1747\" class=\"wp-caption-text\">Foto: Mensa Srbije<\/figcaption><\/figure><p>Jo\u0161 jedna Mensina aktivnost koja je bila odr\u017eana tog dana jeste \u201eOblutak\u201c, radionica \u010diji je autor Dunja \u0160a\u0161i\u0107. Ona je autorka istoimenih radionica koje se odr\u017eavaju u prostorijama Mense u Novom Sadu. Tema ove radionice su bile vite\u0161ke ve\u0161tine. Tom prilikom deca su imala mogu\u0107nost da naprave svoj ma\u010d od materijala koji se mogu reciklirati. Tako\u0111e, mali\u0161ani su mogli nau\u010diti koje sve to divne vite\u0161ke osobine jedan vitez treba da poseduje kako bi za\u0161titio slabije od sebe i sa\u010duvao prirodu u kojoj \u017eivimo. Realizaciji ove kompleksne aktivnosti su doprinele i Lidija Cvijovi\u0107, koja vodi \u201eOblutak\u201c radionice u Pan\u010devu, na\u0161a \u010dlanica i master pedagog Milica Panti\u0107 i volonterka An\u0111ela Borovi\u0107.<\/p><p>Ovo je tre\u0107a godina da Mensa Srbije u\u010destvuje na festivalu, a ono \u0161to nudimo deci, se svake godine pro\u0161iruje. Realizacija samog festivala je na dobrovoljnoj bazi svih u\u010desnika, izvo\u0111a\u010da i organizatora aktivnosti, a sva sredstva koja su prikupljena bi\u0107e donirana u humanitarne svrhe, kao i za izgradnju igrali\u0161ta u Topoli. Pored aktivnosti za decu, i roditelji su imali mogu\u0107nost da posete stru\u010dno savetovali\u0161te koje \u010dini tim pedagoga, psihologa, defektologa i da tom prilikom dobiju adekvatne savete i podr\u0161ku u svom \u017eivotnom zadatku zvanom roditeljstvo. Izuzetna nam je \u010dast \u0161to smo bili deo ovakve manifestacije i \u0161to smo tokom celog dana imali prilike da gledamo razdragana de\u010dija lica, da slu\u0161amo njihova pitanja, zaklju\u010dke, ideje i da na jedan edukativan i zabavan na\u010din doprinesemo tome da svako dete dobije mogu\u0107nost da upozna sebe i svoje sposobnosti uz na\u0161e radionice.<\/p><p><em><strong>Milica Panti\u0107<\/strong><\/em>\u00a0je master pedagog, \u010dlan Mense Srbije od 2023. godine, \u010dlan Pedago\u0161kog dru\u0161tva Srbije i autor tekstova za MozaIQ.<br><\/p><\/div><\/div><\/div><\/div><\/div><\/div><\/div><\/div><\/section><\/div><\/div><\/div>","protected":false},"excerpt":{"rendered":"<p>  Jahanje konja, streli\u010darstvo, zdrava hrana, laboratorija na otvorenom, ples, muzika, strani jezici, sportovi, senzorna \u0161uma, poligoni spretnosti, Mensine radionice, predstave, edukacije i predavanja za decu \u2013 sve to smo imali prilike da vidimo, posetimo i osetimo 17. septembra 2023. godine na \u0161estom De\u010djem festivalu na Oplencu.<\/p>\n","protected":false},"author":30,"featured_media":1748,"comment_status":"open","ping_status":"open","sticky":false,"template":"","format":"standard","meta":[],"categories":[5,4,50,1],"tags":[],"_links":{"self":[{"href":"https:\/\/mozaiq.mensa.rs\/index.php?rest_route=\/wp\/v2\/posts\/1743"}],"collection":[{"href":"https:\/\/mozaiq.mensa.rs\/index.php?rest_route=\/wp\/v2\/posts"}],"about":[{"href":"https:\/\/mozaiq.mensa.rs\/index.php?rest_route=\/wp\/v2\/types\/post"}],"author":[{"embeddable":true,"href":"https:\/\/mozaiq.mensa.rs\/index.php?rest_route=\/wp\/v2\/users\/30"}],"replies":[{"embeddable":true,"href":"https:\/\/mozaiq.mensa.rs\/index.php?rest_route=%2Fwp%2Fv2%2Fcomments&post=1743"}],"version-history":[{"count":6,"href":"https:\/\/mozaiq.mensa.rs\/index.php?rest_route=\/wp\/v2\/posts\/1743\/revisions"}],"predecessor-version":[{"id":1785,"href":"https:\/\/mozaiq.mensa.rs\/index.php?rest_route=\/wp\/v2\/posts\/1743\/revisions\/1785"}],"wp:featuredmedia":[{"embeddable":true,"href":"https:\/\/mozaiq.mensa.rs\/index.php?rest_route=\/wp\/v2\/media\/1748"}],"wp:attachment":[{"href":"https:\/\/mozaiq.mensa.rs\/index.php?rest_route=%2Fwp%2Fv2%2Fmedia&parent=1743"}],"wp:term":[{"taxonomy":"category","embeddable":true,"href":"https:\/\/mozaiq.mensa.rs\/index.php?rest_route=%2Fwp%2Fv2%2Fcategories&post=1743"},{"taxonomy":"post_tag","embeddable":true,"href":"https:\/\/mozaiq.mensa.rs\/index.php?rest_route=%2Fwp%2Fv2%2Ftags&post=1743"}],"curies":[{"name":"wp","href":"https:\/\/api.w.org\/{rel}","templated":true}]}}