{"id":1754,"date":"2023-10-20T20:00:05","date_gmt":"2023-10-20T18:00:05","guid":{"rendered":"https:\/\/mozaiq.mensa.rs\/?p=1754"},"modified":"2023-10-23T20:41:38","modified_gmt":"2023-10-23T18:41:38","slug":"vi-medjunarodna-konferencija-darovitosti","status":"publish","type":"post","link":"https:\/\/mozaiq.mensa.rs\/?p=1754","title":{"rendered":"\u0160esta me\u0111unarodna nau\u010dno-stru\u010dna konferencija \u201eMetode i programi rada sa darovitima\u201c"},"content":{"rendered":"<div data-elementor-type=\"wp-post\" data-elementor-id=\"1754\" class=\"elementor elementor-1754\"><div class=\"elementor-inner\"><div class=\"elementor-section-wrap\"><section class=\"elementor-section elementor-top-section elementor-element elementor-element-4099efb elementor-section-boxed elementor-section-height-default elementor-section-height-default\" data-id=\"4099efb\" data-element_type=\"section\"><div class=\"elementor-container elementor-column-gap-default\"><div class=\"elementor-row\"><div class=\"elementor-column elementor-col-100 elementor-top-column elementor-element elementor-element-423cda0\" data-id=\"423cda0\" data-element_type=\"column\"><div class=\"elementor-column-wrap elementor-element-populated\"><div class=\"elementor-widget-wrap\"><div class=\"elementor-element elementor-element-0c325dc elementor-widget elementor-widget-text-editor\" data-id=\"0c325dc\" data-element_type=\"widget\" data-widget_type=\"text-editor.default\"><div class=\"elementor-widget-container\"><div class=\"elementor-text-editor elementor-clearfix\"><p>\u0160esta me\u0111unarodna konferencija \u201eMetode i programi rada sa darovitima\u201c odr\u017eana je u Novom Sadu u periodu od 29. septembra do 1. oktobra 2023. godine. Organizatori konferencije su Mensa Srbije, Visoka \u0161kola strukovnih studija za obrazovanje vaspita\u010da u Novom Sadu, Prirodno matemati\u010dki fakultet Univerziteta u Novom Sadu i Nacionalni centar za talente.<\/p><p>Konferencija je okupila 123 u\u010desnika iz \u0161est zemalja. Odr\u017eana je u amfiteatru Rektorata Univerziteta u Novom Sadu, uz finansijsku podr\u0161ku Pokrajinskog sekretarijata za obrazovanje AP Vojvodine. U\u010desnici su u svojim izlaganjima predstavili originalne, alternativne nastavne metode kako u domenu pred\u0161kolskog tako i u \u0161kolskom obrazovanju. Pri tom je vidan bio trud usmeren ka animiranju u\u010denik\u0101 i dece koja pokazuju izuzetne sposobnosti. Govorilo se o odgovaraju\u0107em profilu nastavnika\/vaspita\u010da, pogodnom da bio dobar mentor darovitom u\u010deniku. Mnogo re\u010di je bilo i o kreativnosti, o na\u010dinima njenog podsticanja i razvijanja. Jedan broj u\u010desnika obradio je temu savremenih tehnologija i ve\u0161ta\u010dke inteligencije u nastavi.<\/p><p>Radionice su bile osmi\u0161ljene tako da se u\u010desnici malo razmrdaju \u2013 bilo je fizi\u010dkog razgibavanja kroz radionicu telesne muzike i razigravanja mo\u017edanih vijuga radi re\u0161avanja Escape room i drugih logi\u010dkih zadataka. Jedna radionica se osvrnula i na uticaj savremenog na\u010dina \u017eivota na ljudsko telo i tesnu povezanost sa ljudskom produktivno\u0161\u0107u.<\/p><p><img decoding=\"async\" loading=\"lazy\" class=\"wp-image-1755 alignright\" src=\"https:\/\/mozaiq.mensa.rs\/wp-content\/uploads\/2023\/10\/IMG_7915-300x200.jpg\" alt=\"\" width=\"270\" height=\"180\" srcset=\"https:\/\/mozaiq.mensa.rs\/wp-content\/uploads\/2023\/10\/IMG_7915-300x200.jpg 300w, https:\/\/mozaiq.mensa.rs\/wp-content\/uploads\/2023\/10\/IMG_7915-1024x683.jpg 1024w, https:\/\/mozaiq.mensa.rs\/wp-content\/uploads\/2023\/10\/IMG_7915-768x512.jpg 768w, https:\/\/mozaiq.mensa.rs\/wp-content\/uploads\/2023\/10\/IMG_7915-1536x1024.jpg 1536w, https:\/\/mozaiq.mensa.rs\/wp-content\/uploads\/2023\/10\/IMG_7915-2048x1365.jpg 2048w, https:\/\/mozaiq.mensa.rs\/wp-content\/uploads\/2023\/10\/IMG_7915-600x400.jpg 600w, https:\/\/mozaiq.mensa.rs\/wp-content\/uploads\/2023\/10\/IMG_7915-272x182.jpg 272w\" sizes=\"(max-width: 270px) 100vw, 270px\"\/><\/p><p>Predstavljeni su dr\u017eavni i drugi fondovi i inicijative koje ve\u0107 godinama pru\u017eaju podr\u0161ku u\u010denicima sa posebnim sposobnostima i interesovanjima a to su Istra\u017eiva\u010dka stanica Petnica i Regionalni centar \u201eMihajlo Pupin\u201c iz Pan\u010deva. Posebno sve\u010dan trenutak je bio momenat dodele prvih plaketa \u201eGifted friendly\u201c, namenjenih obrazovnim i drugim ustanovama, koje pru\u017eaju veliku podr\u0161ku darovitima godinama. Plakete su bile dodeljene i onim ustanovama koje su na konferenciju poslale barem pet svojih zaposlenih sa najmanje jednim izlaganjem na konferenciji. U tom smislu plaketa je uru\u010dena Regionalnom centru \u201eMihajlo Pupin\u201c Pan\u010devo, kao i O\u0160 \u201eJovan Sterija Popovi\u0107\u201c iz Beograda. Plaketu je dobio i zlatni sponzor konferencije, Izdava\u010dka ku\u0107a Klett, koja je svojim savremenim digitalnim ud\u017ebenicima i drugim edukativnim sadr\u017eajima u velikoj \u00a0meri pru\u017eila podr\u0161ku prosvetnim radnicima, motivisanim da uvrste savremene metodi\u010dke pristupe u svoj rad.<\/p><\/div><\/div><\/div><\/div><\/div><\/div><\/div><\/div><\/section><section class=\"elementor-section elementor-top-section elementor-element elementor-element-f8017eb elementor-section-boxed elementor-section-height-default elementor-section-height-default\" data-id=\"f8017eb\" data-element_type=\"section\"><div class=\"elementor-container elementor-column-gap-default\"><div class=\"elementor-row\"><div class=\"elementor-column elementor-col-100 elementor-top-column elementor-element elementor-element-e3f9438\" data-id=\"e3f9438\" data-element_type=\"column\"><div class=\"elementor-column-wrap elementor-element-populated\"><div class=\"elementor-widget-wrap\"><div class=\"elementor-element elementor-element-57a1962 elementor-arrows-position-inside elementor-pagination-position-outside elementor-widget elementor-widget-image-carousel\" data-id=\"57a1962\" data-element_type=\"widget\" data-settings=\"{&quot;slides_to_show&quot;:&quot;2&quot;,&quot;navigation&quot;:&quot;both&quot;,&quot;autoplay&quot;:&quot;yes&quot;,&quot;pause_on_hover&quot;:&quot;yes&quot;,&quot;pause_on_interaction&quot;:&quot;yes&quot;,&quot;autoplay_speed&quot;:5000,&quot;infinite&quot;:&quot;yes&quot;,&quot;speed&quot;:500}\" data-widget_type=\"image-carousel.default\"><div class=\"elementor-widget-container\"><div class=\"elementor-image-carousel-wrapper swiper-container\" dir=\"ltr\"><div class=\"elementor-image-carousel swiper-wrapper\"><div class=\"swiper-slide\"><figure class=\"swiper-slide-inner\"><img decoding=\"async\" class=\"swiper-slide-image\" src=\"https:\/\/mozaiq.mensa.rs\/wp-content\/uploads\/2023\/10\/IMG_7980-300x300.jpg\" alt=\"VI konferencija darovitosti\" srcset=\"\"\/><figcaption class=\"elementor-image-carousel-caption\">VI konferencija darovitosti<\/figcaption><\/figure><\/div><div class=\"swiper-slide\"><figure class=\"swiper-slide-inner\"><img decoding=\"async\" class=\"swiper-slide-image\" src=\"https:\/\/mozaiq.mensa.rs\/wp-content\/uploads\/2023\/10\/IMG_7679-300x300.jpg\" alt=\"VI konferencija darovitosti\" srcset=\"\"\/><figcaption class=\"elementor-image-carousel-caption\">VI konferencija darovitosti<\/figcaption><\/figure><\/div><div class=\"swiper-slide\"><figure class=\"swiper-slide-inner\"><img decoding=\"async\" class=\"swiper-slide-image\" src=\"https:\/\/mozaiq.mensa.rs\/wp-content\/uploads\/2023\/10\/IMG_7594-300x300.jpg\" alt=\"VI konferencija darovitosti\" srcset=\"\"\/><figcaption class=\"elementor-image-carousel-caption\">VI konferencija darovitosti<\/figcaption><\/figure><\/div><div class=\"swiper-slide\"><figure class=\"swiper-slide-inner\"><img decoding=\"async\" class=\"swiper-slide-image\" src=\"https:\/\/mozaiq.mensa.rs\/wp-content\/uploads\/2023\/10\/IMG_7889-300x300.jpg\" alt=\"VI konferencija darovitosti\" srcset=\"\"\/><figcaption class=\"elementor-image-carousel-caption\">VI konferencija darovitosti<\/figcaption><\/figure><\/div><div class=\"swiper-slide\"><figure class=\"swiper-slide-inner\"><img decoding=\"async\" class=\"swiper-slide-image\" src=\"https:\/\/mozaiq.mensa.rs\/wp-content\/uploads\/2023\/10\/IMG_7716-300x300.jpg\" alt=\"VI konferencija darovitosti\" srcset=\"\"\/><figcaption class=\"elementor-image-carousel-caption\">VI konferencija darovitosti<\/figcaption><\/figure><\/div><div class=\"swiper-slide\"><figure class=\"swiper-slide-inner\"><img decoding=\"async\" class=\"swiper-slide-image\" src=\"https:\/\/mozaiq.mensa.rs\/wp-content\/uploads\/2023\/10\/IMG_7411-300x300.jpg\" alt=\"VI konferencija darovitosti\" srcset=\"\"\/><figcaption class=\"elementor-image-carousel-caption\">VI konferencija darovitosti<\/figcaption><\/figure><\/div><div class=\"swiper-slide\"><figure class=\"swiper-slide-inner\"><img decoding=\"async\" class=\"swiper-slide-image\" src=\"https:\/\/mozaiq.mensa.rs\/wp-content\/uploads\/2023\/10\/IMG_7387-300x300.jpg\" alt=\"VI konferencija darovitosti\" srcset=\"\"\/><figcaption class=\"elementor-image-carousel-caption\">VI konferencija darovitosti<\/figcaption><\/figure><\/div><div class=\"swiper-slide\"><figure class=\"swiper-slide-inner\"><img decoding=\"async\" class=\"swiper-slide-image\" src=\"https:\/\/mozaiq.mensa.rs\/wp-content\/uploads\/2023\/10\/IMG_7363-300x300.jpg\" alt=\"VI konferencija darovitosti\" srcset=\"\"\/><figcaption class=\"elementor-image-carousel-caption\">VI konferencija darovitosti<\/figcaption><\/figure><\/div><div class=\"swiper-slide\"><figure class=\"swiper-slide-inner\"><img decoding=\"async\" class=\"swiper-slide-image\" src=\"https:\/\/mozaiq.mensa.rs\/wp-content\/uploads\/2023\/10\/IMG_7297-300x300.jpg\" alt=\"VI konferencija darovitosti\" srcset=\"\"\/><figcaption class=\"elementor-image-carousel-caption\">VI konferencija darovitosti<\/figcaption><\/figure><\/div><div class=\"swiper-slide\"><figure class=\"swiper-slide-inner\"><img decoding=\"async\" class=\"swiper-slide-image\" src=\"https:\/\/mozaiq.mensa.rs\/wp-content\/uploads\/2023\/10\/IMG_7248-300x300.jpg\" alt=\"VI konferencija darovitosti\" srcset=\"\"\/><figcaption class=\"elementor-image-carousel-caption\">VI konferencija darovitosti<\/figcaption><\/figure><\/div><div class=\"swiper-slide\"><figure class=\"swiper-slide-inner\"><img decoding=\"async\" class=\"swiper-slide-image\" src=\"https:\/\/mozaiq.mensa.rs\/wp-content\/uploads\/2023\/10\/IMG_7230-300x300.jpg\" alt=\"VI konferencija darovitosti\" srcset=\"\"\/><figcaption class=\"elementor-image-carousel-caption\">VI konferencija darovitosti<\/figcaption><\/figure><\/div><div class=\"swiper-slide\"><figure class=\"swiper-slide-inner\"><img decoding=\"async\" class=\"swiper-slide-image\" src=\"https:\/\/mozaiq.mensa.rs\/wp-content\/uploads\/2023\/10\/IMG_7127-300x300.jpg\" alt=\"VI konferencija darovitosti\" srcset=\"\"\/><figcaption class=\"elementor-image-carousel-caption\">VI konferencija darovitosti<\/figcaption><\/figure><\/div><div class=\"swiper-slide\"><figure class=\"swiper-slide-inner\"><img decoding=\"async\" class=\"swiper-slide-image\" src=\"https:\/\/mozaiq.mensa.rs\/wp-content\/uploads\/2023\/10\/IMG_7124-300x300.jpg\" alt=\"VI konferencija darovitosti\" srcset=\"\"\/><figcaption class=\"elementor-image-carousel-caption\">VI konferencija darovitosti<\/figcaption><\/figure><\/div><div class=\"swiper-slide\"><figure class=\"swiper-slide-inner\"><img decoding=\"async\" class=\"swiper-slide-image\" src=\"https:\/\/mozaiq.mensa.rs\/wp-content\/uploads\/2023\/10\/IMG_7091-300x300.jpg\" alt=\"VI konferencija darovitosti\" srcset=\"\"\/><figcaption class=\"elementor-image-carousel-caption\">VI konferencija darovitosti<\/figcaption><\/figure><\/div><div class=\"swiper-slide\"><figure class=\"swiper-slide-inner\"><img decoding=\"async\" class=\"swiper-slide-image\" src=\"https:\/\/mozaiq.mensa.rs\/wp-content\/uploads\/2023\/10\/IMG_7679-1-300x300.jpg\" alt=\"VI konferencija darovitosti\" srcset=\"\"\/><figcaption class=\"elementor-image-carousel-caption\">VI konferencija darovitosti<\/figcaption><\/figure><\/div><div class=\"swiper-slide\"><figure class=\"swiper-slide-inner\"><img decoding=\"async\" class=\"swiper-slide-image\" src=\"https:\/\/mozaiq.mensa.rs\/wp-content\/uploads\/2023\/10\/IMG_7441-1-300x300.jpg\" alt=\"VI konferencija darovitosti\" srcset=\"\"\/><figcaption class=\"elementor-image-carousel-caption\">VI konferencija darovitosti<\/figcaption><\/figure><\/div><\/div><div class=\"swiper-pagination\"><\/div><div class=\"elementor-swiper-button elementor-swiper-button-prev\"><i aria-hidden=\"true\" class=\"eicon-chevron-left\"><\/i><span class=\"elementor-screen-only\">Prethodna<\/span><\/div><div class=\"elementor-swiper-button elementor-swiper-button-next\"><i aria-hidden=\"true\" class=\"eicon-chevron-right\"><\/i><span class=\"elementor-screen-only\">Slede\u0107i<\/span><\/div><\/div><\/div><\/div><\/div><\/div><\/div><\/div><\/div><\/section><section class=\"elementor-section elementor-top-section elementor-element elementor-element-0604f4b elementor-section-boxed elementor-section-height-default elementor-section-height-default\" data-id=\"0604f4b\" data-element_type=\"section\"><div class=\"elementor-container elementor-column-gap-default\"><div class=\"elementor-row\"><div class=\"elementor-column elementor-col-100 elementor-top-column elementor-element elementor-element-660e7fb\" data-id=\"660e7fb\" data-element_type=\"column\"><div class=\"elementor-column-wrap elementor-element-populated\"><div class=\"elementor-widget-wrap\"><div class=\"elementor-element elementor-element-3da07e1 elementor-widget elementor-widget-text-editor\" data-id=\"3da07e1\" data-element_type=\"widget\" data-widget_type=\"text-editor.default\"><div class=\"elementor-widget-container\"><div class=\"elementor-text-editor elementor-clearfix\"><p>\u00a0<\/p><p>Na samom kraju koferencije pitanje podr\u0161ke darovitima je osvetljeno i iz ugla samih darovitih. U panelu \u201eNa\u0161 ugao\u201c u\u010destvovali su stipendisti Univerziteta u Novom Sadu, koji su tom prilikom izneli svoje utiske o tome kako bi moglo jo\u0161 bolje da se pomogne studentima i u\u010denicima sa izuzetnim sposobnostima. Entuzijazam i izuzetna pozitivna energija ovih mladih ljudi dali su podstrek u\u010desnicima i organizatorima konferencije da istraju u svojoj dugotrajnoj borbi da stvore povoljniji ambijent za darovite u Srbiji, regionu i \u0161ire.<\/p><p><img decoding=\"async\" loading=\"lazy\" class=\"wp-image-1756 alignright\" src=\"https:\/\/mozaiq.mensa.rs\/wp-content\/uploads\/2023\/10\/IMG_7617-300x200.jpg\" alt=\"\" width=\"248\" height=\"165\" srcset=\"https:\/\/mozaiq.mensa.rs\/wp-content\/uploads\/2023\/10\/IMG_7617-300x200.jpg 300w, https:\/\/mozaiq.mensa.rs\/wp-content\/uploads\/2023\/10\/IMG_7617-1024x683.jpg 1024w, https:\/\/mozaiq.mensa.rs\/wp-content\/uploads\/2023\/10\/IMG_7617-768x512.jpg 768w, https:\/\/mozaiq.mensa.rs\/wp-content\/uploads\/2023\/10\/IMG_7617-1536x1024.jpg 1536w, https:\/\/mozaiq.mensa.rs\/wp-content\/uploads\/2023\/10\/IMG_7617-2048x1365.jpg 2048w, https:\/\/mozaiq.mensa.rs\/wp-content\/uploads\/2023\/10\/IMG_7617-600x400.jpg 600w, https:\/\/mozaiq.mensa.rs\/wp-content\/uploads\/2023\/10\/IMG_7617-272x182.jpg 272w\" sizes=\"(max-width: 248px) 100vw, 248px\"\/>Organizatori konferencije su zahvalni partnerima \u2013 U\u010diteljskom fakultetu Univerziteta u Beogradu, LINK group, udru\u017eenju U\u010denIQ, udru\u017eenju vaspita\u010da Vojvodine, kao i Rektoratu Univerziteta u Novom Sadu na podr\u0161ci u realizaciji konferencije. Posebna zahvalnost ide volonterima Mense Srbije i Visoke \u0161kole za obrazovanje vaspita\u010da u Novom Sadu, koji su se potrudili da ceo doga\u0111aj bude realizovan na zadovoljstvo u\u010desnika. Zahvaljujemo se i zvani\u010dnom fotografu konferencije Zorani Radosavljevi\u0107 na predivnim fotografijama koje svedo\u010de o odli\u010dnoj atmosferi koja je vladala u Rektoratu UNS tokom konferencije.<\/p><p><strong>Aleksandra Borovi\u0107<\/strong> \u2013 predsednica Mense Srbije<\/p><\/div><\/div><\/div><\/div><\/div><\/div><\/div><\/div><\/section><\/div><\/div><\/div>","protected":false},"excerpt":{"rendered":"<p>\u0160esta me\u0111unarodna konferencija \u201eMetode i programi rada sa darovitima\u201c odr\u017eana je u Novom Sadu u periodu od 29. septembra do 1. oktobra 2023. godine.<\/p>\n","protected":false},"author":30,"featured_media":1775,"comment_status":"open","ping_status":"open","sticky":false,"template":"","format":"standard","meta":[],"categories":[5,4,50],"tags":[],"_links":{"self":[{"href":"https:\/\/mozaiq.mensa.rs\/index.php?rest_route=\/wp\/v2\/posts\/1754"}],"collection":[{"href":"https:\/\/mozaiq.mensa.rs\/index.php?rest_route=\/wp\/v2\/posts"}],"about":[{"href":"https:\/\/mozaiq.mensa.rs\/index.php?rest_route=\/wp\/v2\/types\/post"}],"author":[{"embeddable":true,"href":"https:\/\/mozaiq.mensa.rs\/index.php?rest_route=\/wp\/v2\/users\/30"}],"replies":[{"embeddable":true,"href":"https:\/\/mozaiq.mensa.rs\/index.php?rest_route=%2Fwp%2Fv2%2Fcomments&post=1754"}],"version-history":[{"count":6,"href":"https:\/\/mozaiq.mensa.rs\/index.php?rest_route=\/wp\/v2\/posts\/1754\/revisions"}],"predecessor-version":[{"id":1781,"href":"https:\/\/mozaiq.mensa.rs\/index.php?rest_route=\/wp\/v2\/posts\/1754\/revisions\/1781"}],"wp:featuredmedia":[{"embeddable":true,"href":"https:\/\/mozaiq.mensa.rs\/index.php?rest_route=\/wp\/v2\/media\/1775"}],"wp:attachment":[{"href":"https:\/\/mozaiq.mensa.rs\/index.php?rest_route=%2Fwp%2Fv2%2Fmedia&parent=1754"}],"wp:term":[{"taxonomy":"category","embeddable":true,"href":"https:\/\/mozaiq.mensa.rs\/index.php?rest_route=%2Fwp%2Fv2%2Fcategories&post=1754"},{"taxonomy":"post_tag","embeddable":true,"href":"https:\/\/mozaiq.mensa.rs\/index.php?rest_route=%2Fwp%2Fv2%2Ftags&post=1754"}],"curies":[{"name":"wp","href":"https:\/\/api.w.org\/{rel}","templated":true}]}}