{"id":1806,"date":"2024-09-02T12:15:13","date_gmt":"2024-09-02T10:15:13","guid":{"rendered":"https:\/\/mozaiq.mensa.rs\/?p=1806"},"modified":"2024-09-02T12:35:00","modified_gmt":"2024-09-02T10:35:00","slug":"putopis-iz-valjeva","status":"publish","type":"post","link":"https:\/\/mozaiq.mensa.rs\/?p=1806","title":{"rendered":"Putopis iz Valjeva"},"content":{"rendered":"<div data-elementor-type=\"wp-post\" data-elementor-id=\"1806\" class=\"elementor elementor-1806\"><div class=\"elementor-inner\"><div class=\"elementor-section-wrap\"><section class=\"elementor-section elementor-top-section elementor-element elementor-element-f9aa2a3 elementor-section-boxed elementor-section-height-default elementor-section-height-default\" data-id=\"f9aa2a3\" data-element_type=\"section\"><div class=\"elementor-container elementor-column-gap-default\"><div class=\"elementor-row\"><div class=\"elementor-column elementor-col-100 elementor-top-column elementor-element elementor-element-0eea01d\" data-id=\"0eea01d\" data-element_type=\"column\"><div class=\"elementor-column-wrap elementor-element-populated\"><div class=\"elementor-widget-wrap\"><div class=\"elementor-element elementor-element-2850139 elementor-widget elementor-widget-text-editor\" data-id=\"2850139\" data-element_type=\"widget\" data-widget_type=\"text-editor.default\"><div class=\"elementor-widget-container\"><div class=\"elementor-text-editor elementor-clearfix\"><p><img decoding=\"async\" loading=\"lazy\" class=\"size-medium wp-image-1809 alignleft\" src=\"https:\/\/mozaiq.mensa.rs\/wp-content\/uploads\/2024\/09\/valjevo-3-225x300.jpeg\" alt=\"\" width=\"225\" height=\"300\" srcset=\"https:\/\/mozaiq.mensa.rs\/wp-content\/uploads\/2024\/09\/valjevo-3-225x300.jpeg 225w, https:\/\/mozaiq.mensa.rs\/wp-content\/uploads\/2024\/09\/valjevo-3-768x1024.jpeg 768w, https:\/\/mozaiq.mensa.rs\/wp-content\/uploads\/2024\/09\/valjevo-3-1152x1536.jpeg 1152w, https:\/\/mozaiq.mensa.rs\/wp-content\/uploads\/2024\/09\/valjevo-3-600x800.jpeg 600w, https:\/\/mozaiq.mensa.rs\/wp-content\/uploads\/2024\/09\/valjevo-3.jpeg 1200w\" sizes=\"(max-width: 225px) 100vw, 225px\"\/>Kako da napi\u0161em \u201eValjevo\u201c, a da mi na samu pomisao na taj divan grad kroz nozdrve ne pro\u0111e miris krofni iz bakine kuhinje, u u\u0161ima ne odzvanja graja dece ispred na\u0161e narand\u017easte ku\u0107e, a u se\u0107anju ne pote\u010de reka uspomena na detinjstvo i mladost. Valjevo! \u2013 za jedne je to simpati\u010dan gradi\u0107 u koji svrate na putu do mora, Zlatibora ili Tare. Neki su \u010duli da tamo ima dobrih \u0107evapa \u201eKod Bore\u201c, drugi su ga nekada davno posetili (tamo se i\u0161lo na ekskurziju, u muzej \u201eMuselimov konak\u201c) dok su neki tre\u0107i (obi\u010dno ih zovemo boemi) \u010duli da postoji deo grada zvani Te\u0161njar u kom \u201estanuje\u201c vi\u0161e od dvadeset kafana u kojima se peva, pije i ljubi.<\/p><p>Valjevo ne predstavlja za svakog isto \u0161to i za mene, ali ono \u0161to je sigurno jeste da je ovaj grad d\u0101 ne\u0161to svakome ko se u njemu na\u0161ao. Do sada nisam upoznala osobu na koju Valjevo nije ostavilo utisak \u2013 da ne budem skromna, dobar utisak. Da li je to zbog belog mosta, koji daje prefinjenost trgu \u017divojina Mi\u0161i\u0107a (pa se \u010dovek ose\u0107a kao neki vitez, a \u017eena kao kakva princeza, dok sa tog mosta posmatra Kolubaru koja tiho, ali brzo te\u010de kao vreme i misli?) ili je to mo\u017eda zbog ne\u017enosti koju u svakom od nas budi pogled na spomenik Desanke Maksimovi\u0107. On nas obavezno podseti na njene dirljive stihove i na onaj jedan koji ve\u010dno pamtimo, primenjuju\u0107i ga (barem ja) u \u017eivotu: \u201eJer sre\u0107a je lepa samo dok se \u010deka, dok od sebe samo<\/p><p><img decoding=\"async\" loading=\"lazy\" class=\"size-medium wp-image-1811 alignright\" src=\"https:\/\/mozaiq.mensa.rs\/wp-content\/uploads\/2024\/09\/valjevo-5-225x300.jpeg\" alt=\"\" width=\"225\" height=\"300\" srcset=\"https:\/\/mozaiq.mensa.rs\/wp-content\/uploads\/2024\/09\/valjevo-5-225x300.jpeg 225w, https:\/\/mozaiq.mensa.rs\/wp-content\/uploads\/2024\/09\/valjevo-5-768x1024.jpeg 768w, https:\/\/mozaiq.mensa.rs\/wp-content\/uploads\/2024\/09\/valjevo-5-1152x1536.jpeg 1152w, https:\/\/mozaiq.mensa.rs\/wp-content\/uploads\/2024\/09\/valjevo-5-600x800.jpeg 600w, https:\/\/mozaiq.mensa.rs\/wp-content\/uploads\/2024\/09\/valjevo-5.jpeg 1200w\" sizes=\"(max-width: 225px) 100vw, 225px\"\/><\/p><p>\u00a0nagove\u0161taj d\u0101?\u201c Valjevo vi\u0161e od deset godina nije moj dom ve\u0107 mesto u koje rado svratim da posetim svoje ljude. U njemu evociram uspomene uz meni drage osobe koje i dalje \u017eive tu. One ponekad, kao i ja, samo svrate da se sretnemo, da pro\u0161etaju parkom Pe\u0107ina i okrepe se limunadom ili Jezdi\u0107 rakijom (naravno, ko \u0161ta vi\u0161e voli); da se tokom vrelih, letnjih dana okupaju u reci Gradac kako smo nekada to zajedno \u010dinili dok smo bili mla\u0111i ili da jednostavno u\u017eivaju u lepoti ovog grada. \u00a0\u00a0\u00a0\u00a0 Valjevo oslikava mnogo epoha. Sve je i novo i staro, i divlje i mirno, i tradicionalno i moderno \u2013 sve zavisi od toga u koji deo grada kro\u010dite. Bez sumnje, ima ne\u0161to u onim re\u010dima Matije Be\u0107kovi\u0107a: \u201eKad do\u0111e\u0161 vrlo kasno u bilo koji grad, ako taj grad slu\u010dajno bude Valjevo, gde sam i ja do\u0161ao, do\u0107i \u0107e\u0161 putem kojim si morao do\u0107i.\u201c<\/p><p><img decoding=\"async\" loading=\"lazy\" class=\"size-medium wp-image-1807 alignleft\" src=\"https:\/\/mozaiq.mensa.rs\/wp-content\/uploads\/2024\/09\/valjevo-1-225x300.jpeg\" alt=\"\" width=\"225\" height=\"300\" srcset=\"https:\/\/mozaiq.mensa.rs\/wp-content\/uploads\/2024\/09\/valjevo-1-225x300.jpeg 225w, https:\/\/mozaiq.mensa.rs\/wp-content\/uploads\/2024\/09\/valjevo-1-768x1024.jpeg 768w, https:\/\/mozaiq.mensa.rs\/wp-content\/uploads\/2024\/09\/valjevo-1-1152x1536.jpeg 1152w, https:\/\/mozaiq.mensa.rs\/wp-content\/uploads\/2024\/09\/valjevo-1-600x800.jpeg 600w, https:\/\/mozaiq.mensa.rs\/wp-content\/uploads\/2024\/09\/valjevo-1.jpeg 1200w\" sizes=\"(max-width: 225px) 100vw, 225px\"\/>Zasigurno tvrdim da je Valjevo jedan romanti\u010dan grad kome bih, svaki put kada ga posetim, mogla prona\u0107i neki novi kutak koji bi me svojom autenti\u010dno\u0161\u0107u o\u010darao. Zato, dragi moji, preporu\u010dujem vam ga! \u2013 ne zbog neobi\u010dno lepih emocija koje u meni budi poseta ovom gradu, ve\u0107 zbog divne prirode, bogate istorije, koja se u njemu krije te topline pru\u017eene od lokalaca, \u010dak i od obi\u010dnog pogleda u prolazu.<\/p><p><em><strong>Milica Panti\u0107 <\/strong>\u2013<\/em>\u00a0master pedagog, \u010dlan Mense Srbije od 2023. godine, \u010dlan Pedago\u0161kog dru\u0161tva Srbije i autor tekstova za MozaIQ.<\/p><\/div><\/div><\/div><\/div><\/div><\/div><\/div><\/div><\/section><\/div><\/div><\/div>","protected":false},"excerpt":{"rendered":"<p>Za jedne je to simpati\u010dan gradi\u0107 u koji svrate na putu do mora, Zlatibora ili Tare. Neki su \u010duli da tamo ima dobrih \u0107evapa \u201eKod Bore\u201c, drugi su ga nekada davno posetili (tamo se i\u0161lo na ekskurziju, u muzej \u201eMuselimov konak\u201c) dok su neki tre\u0107i (obi\u010dno ih zovemo boemi) \u010duli da postoji deo grada zvani Te\u0161njar u kom \u201estanuje\u201c vi\u0161e od dvadeset kafana u kojima se peva, pije i ljubi.<\/p>\n","protected":false},"author":30,"featured_media":1812,"comment_status":"open","ping_status":"open","sticky":false,"template":"","format":"standard","meta":[],"categories":[50,62],"tags":[],"_links":{"self":[{"href":"https:\/\/mozaiq.mensa.rs\/index.php?rest_route=\/wp\/v2\/posts\/1806"}],"collection":[{"href":"https:\/\/mozaiq.mensa.rs\/index.php?rest_route=\/wp\/v2\/posts"}],"about":[{"href":"https:\/\/mozaiq.mensa.rs\/index.php?rest_route=\/wp\/v2\/types\/post"}],"author":[{"embeddable":true,"href":"https:\/\/mozaiq.mensa.rs\/index.php?rest_route=\/wp\/v2\/users\/30"}],"replies":[{"embeddable":true,"href":"https:\/\/mozaiq.mensa.rs\/index.php?rest_route=%2Fwp%2Fv2%2Fcomments&post=1806"}],"version-history":[{"count":3,"href":"https:\/\/mozaiq.mensa.rs\/index.php?rest_route=\/wp\/v2\/posts\/1806\/revisions"}],"predecessor-version":[{"id":1815,"href":"https:\/\/mozaiq.mensa.rs\/index.php?rest_route=\/wp\/v2\/posts\/1806\/revisions\/1815"}],"wp:featuredmedia":[{"embeddable":true,"href":"https:\/\/mozaiq.mensa.rs\/index.php?rest_route=\/wp\/v2\/media\/1812"}],"wp:attachment":[{"href":"https:\/\/mozaiq.mensa.rs\/index.php?rest_route=%2Fwp%2Fv2%2Fmedia&parent=1806"}],"wp:term":[{"taxonomy":"category","embeddable":true,"href":"https:\/\/mozaiq.mensa.rs\/index.php?rest_route=%2Fwp%2Fv2%2Fcategories&post=1806"},{"taxonomy":"post_tag","embeddable":true,"href":"https:\/\/mozaiq.mensa.rs\/index.php?rest_route=%2Fwp%2Fv2%2Ftags&post=1806"}],"curies":[{"name":"wp","href":"https:\/\/api.w.org\/{rel}","templated":true}]}}