{"id":1843,"date":"2025-07-07T21:27:00","date_gmt":"2025-07-07T19:27:00","guid":{"rendered":"https:\/\/mozaiq.mensa.rs\/?p=1843"},"modified":"2025-07-15T15:13:17","modified_gmt":"2025-07-15T13:13:17","slug":"radionica-vezbaj-mozak","status":"publish","type":"post","link":"https:\/\/mozaiq.mensa.rs\/?p=1843","title":{"rendered":"Radionica \u201eVe\u017ebaj mozak&#8220;"},"content":{"rendered":"<div data-elementor-type=\"wp-post\" data-elementor-id=\"1843\" class=\"elementor elementor-1843\"><div class=\"elementor-inner\"><div class=\"elementor-section-wrap\"><section class=\"elementor-section elementor-top-section elementor-element elementor-element-135cb8b elementor-section-boxed elementor-section-height-default elementor-section-height-default\" data-id=\"135cb8b\" data-element_type=\"section\"><div class=\"elementor-container elementor-column-gap-default\"><div class=\"elementor-row\"><div class=\"elementor-column elementor-col-100 elementor-top-column elementor-element elementor-element-014bc3e\" data-id=\"014bc3e\" data-element_type=\"column\"><div class=\"elementor-column-wrap elementor-element-populated\"><div class=\"elementor-widget-wrap\"><div class=\"elementor-element elementor-element-5fbb017 elementor-widget elementor-widget-text-editor\" data-id=\"5fbb017\" data-element_type=\"widget\" data-widget_type=\"text-editor.default\"><div class=\"elementor-widget-container\"><div class=\"elementor-text-editor elementor-clearfix\"><p><span style=\"font-weight: 400;\">\u201eNajbolji nastavnici su oni koji ti poka\u017eu gde da gleda\u0161, ali ti ne ka\u017eu \u0161ta da vidi\u0161.\u201c<\/span><\/p><p><span style=\"font-weight: 400;\">Ovaj citat Aleksandre K. Trenfor najbolje opisuje cilj i ishod radionice \u201eVe\u017ebaj mozak\u201c, autorke Tanje Olear Goji\u0107, koju su na Piknik festivalu realizovali \u010dlanovi Mensinog odseka za rad sa decom.<\/span><\/p><p>\u00a0<\/p><p><span style=\"font-weight: 400;\">Dana 14. juna 2025. godine, u U\u0161\u0107e parku u Beogradu, ispred Muzeja savremene umetnosti, organizovana je ova manifestacija pod okriljem De\u010djeg grada.<\/span><\/p><p>\u00a0<\/p><p><span style=\"font-weight: 400;\">Radionica je obuhvatila vi\u0161e razli\u010ditih aktivnosti, prilago\u0111enih svim uzrastima. Za najmla\u0111e u\u010desnike bile su predvi\u0111ene ve\u017ebe za bilateralnu koordinaciju, igre memorije i zadaci grafomotorike, dok su starija deca i odrasli imali priliku da isprobaju test za odre\u0111ivanje dominantne hemisfere mozga, kao i da re\u0161avaju logi\u010dke zadatke sli\u010dne onima iz testova inteligencije.<\/span><\/p><p>\u00a0<\/p><p><span style=\"font-weight: 400;\">Radionicu su realizovali koordinator Mensinog Odseka za rad sa decom, Tanja Olear Goji\u0107 \u2014 pedago\u0161ki savetnik, profesor razredne nastave i predsednik Udru\u017eenja gra\u0111ana \u201eU\u010denIQ\u201c, kao i \u010dlanovi Odseka: Milica Panti\u0107 \u2014 master pedagog, Sanja Deni\u0107 \u2014 defektolog somatoped, Branka Raki\u0107 \u2014 student biologije, Ljupka Mirkovi\u0107 Dubaji\u0107 \u2014 grafi\u010dki dizajner, lingvista i osniva\u010d centra za decu \u201cVijuganje\u201d i Milena Milanovi\u0107 Lazarevski \u2014 rediteljka animiranih filmova i edukator.<\/span><\/p><p>\u00a0<\/p><p><span style=\"font-weight: 400;\">Radionica je protekla u odli\u010dnoj atmosferi, bila je izuzetno pose\u0107ena i nai\u0161la je na veliko interesovanje i odu\u0161evljenje u\u010desnika svih generacija.<\/span><\/p><p>\u00a0<\/p><p><span style=\"font-weight: 400;\">Zbog velike pose\u0107enosti i uspe\u0161ne realizacije, na\u0161 Odsek za rad sa decom planira ponovno u\u010destvovanje i kreiranje novih radionica na narednim Piknik festivalima koji \u0107e biti odr\u017eani u julu 2025. godine u Novom Sadu i Beogradu.<\/span><\/p><p><br\/><br\/><\/p><p><span style=\"font-weight: 400;\">Milica Panti\u0107 \u2013 master pedagog, student psihologije, \u010dlan Mense Srbije od 2023. godine, \u010dlan Pedago\u0161kog dru\u0161tva Srbije i autor tekstova za portale MozaIQ i Zelena u\u010dionica.<\/span><\/p><\/div><\/div><\/div><\/div><\/div><\/div><\/div><\/div><\/section><\/div><\/div><\/div>","protected":false},"excerpt":{"rendered":"<p>\u201eNajbolji nastavnici su oni koji ti poka\u017eu gde da gleda\u0161, ali ti ne ka\u017eu \u0161ta da vidi\u0161.\u201c<\/p>\n<p>Ovaj citat Aleksandre K. Trenfor najbolje opisuje cilj i ishod radionice \u201eVe\u017ebaj mozak\u201c, autorke Tanje Olear Goji\u0107, koju su na Piknik festivalu realizovali \u010dlanovi Mensinog odseka za rad sa decom.<\/p>\n<p>Dana 14. juna 2025. godine, u U\u0161\u0107e parku u Beogradu, ispred Muzeja savremene umetnosti, organizovana je ova manifestacija pod okriljem De\u010djeg grada.<\/p>\n","protected":false},"author":30,"featured_media":1879,"comment_status":"open","ping_status":"open","sticky":false,"template":"","format":"standard","meta":[],"categories":[4,50],"tags":[],"_links":{"self":[{"href":"https:\/\/mozaiq.mensa.rs\/index.php?rest_route=\/wp\/v2\/posts\/1843"}],"collection":[{"href":"https:\/\/mozaiq.mensa.rs\/index.php?rest_route=\/wp\/v2\/posts"}],"about":[{"href":"https:\/\/mozaiq.mensa.rs\/index.php?rest_route=\/wp\/v2\/types\/post"}],"author":[{"embeddable":true,"href":"https:\/\/mozaiq.mensa.rs\/index.php?rest_route=\/wp\/v2\/users\/30"}],"replies":[{"embeddable":true,"href":"https:\/\/mozaiq.mensa.rs\/index.php?rest_route=%2Fwp%2Fv2%2Fcomments&post=1843"}],"version-history":[{"count":9,"href":"https:\/\/mozaiq.mensa.rs\/index.php?rest_route=\/wp\/v2\/posts\/1843\/revisions"}],"predecessor-version":[{"id":1885,"href":"https:\/\/mozaiq.mensa.rs\/index.php?rest_route=\/wp\/v2\/posts\/1843\/revisions\/1885"}],"wp:featuredmedia":[{"embeddable":true,"href":"https:\/\/mozaiq.mensa.rs\/index.php?rest_route=\/wp\/v2\/media\/1879"}],"wp:attachment":[{"href":"https:\/\/mozaiq.mensa.rs\/index.php?rest_route=%2Fwp%2Fv2%2Fmedia&parent=1843"}],"wp:term":[{"taxonomy":"category","embeddable":true,"href":"https:\/\/mozaiq.mensa.rs\/index.php?rest_route=%2Fwp%2Fv2%2Fcategories&post=1843"},{"taxonomy":"post_tag","embeddable":true,"href":"https:\/\/mozaiq.mensa.rs\/index.php?rest_route=%2Fwp%2Fv2%2Ftags&post=1843"}],"curies":[{"name":"wp","href":"https:\/\/api.w.org\/{rel}","templated":true}]}}