{"id":1906,"date":"2025-07-15T15:41:17","date_gmt":"2025-07-15T13:41:17","guid":{"rendered":"https:\/\/mozaiq.mensa.rs\/?p=1906"},"modified":"2025-07-15T15:44:13","modified_gmt":"2025-07-15T13:44:13","slug":"sibelius-od-programiranja-do-samospoznaje","status":"publish","type":"post","link":"https:\/\/mozaiq.mensa.rs\/?p=1906","title":{"rendered":"Sibelius: od programiranja do samospoznaje"},"content":{"rendered":"<div data-elementor-type=\"wp-post\" data-elementor-id=\"1906\" class=\"elementor elementor-1906\"><div class=\"elementor-inner\"><div class=\"elementor-section-wrap\"><section class=\"elementor-section elementor-top-section elementor-element elementor-element-d90f2f8 elementor-section-boxed elementor-section-height-default elementor-section-height-default\" data-id=\"d90f2f8\" data-element_type=\"section\"><div class=\"elementor-container elementor-column-gap-default\"><div class=\"elementor-row\"><div class=\"elementor-column elementor-col-50 elementor-top-column elementor-element elementor-element-4fdf261\" data-id=\"4fdf261\" data-element_type=\"column\"><div class=\"elementor-column-wrap elementor-element-populated\"><div class=\"elementor-widget-wrap\"><div class=\"elementor-element elementor-element-8e0967f elementor-widget elementor-widget-text-editor\" data-id=\"8e0967f\" data-element_type=\"widget\" data-widget_type=\"text-editor.default\"><div class=\"elementor-widget-container\"><div class=\"elementor-text-editor elementor-clearfix\"><p>Ove godine se navr\u0161ava 160 godina od ro\u0111enja finskog kompozitora \u017dana Sibelijusa (Jean Sibelius) (1865-1957). Prezime Sibelius je ujedno i brend \u2013 naziv programa za komponovanje. Ovaj softver omogu\u0107ava razvoj kreativnosti kod muzi\u010dkih autodidakta (samoukih), ali ima i izuzetno jak i zna\u010dajan obrazovni aspekat. Program je razvila kompanija Avid iz SAD tokom ranih 1990-ih upravo u periodu kada finsko obrazovanje do\u017eivljava zna\u010dajan uspon, zajedno sa Nokiom, kompanijom najpoznatijom po mobilnim telefonima. Sprega tehnike i obrazovanja kod Finaca je neupitna. U dana\u0161nje vreme eksponencijalnog rasta uticaja ve\u0161ta\u010dke inteligencije na svakodnevni \u017eivot, reperkusije ovog fenomena mo\u017eemo videti i na primeru \u201eSibelius\u201c softvera, gde se AI javlja kao asistent pri harmonizaciji komponovane muzike. To omogu\u0107ava korisnicima da na licu mesta shvate \u0161ta je harmonski izvodljivo, a \u0161ta nije, odnosno, koje su kombinacije po\u017eeljne, a koje za izbegavanje. Program \u201eSibelius\u201c je, dakle, umetni\u010dko-demokratski alat jer omogu\u0107ava i hobistima i apsolutnim po\u010detnicima da intuitivno, ali i funkcionalno urone u svet muzi\u010dke kreativnosti. Dodatno podsti\u010du\u0107i elementi programa odnose se na zvu\u010dne biblioteke programa \u201eSibelius\u201c kao na i njegove audio-vizuelne efekte, \u0161to pove\u0107ava ludisti\u010dki, igrovni potencijal \u201eSibeliusa\u201c kao programa.<\/p><\/div><\/div><\/div><\/div><\/div><\/div><div class=\"elementor-column elementor-col-50 elementor-top-column elementor-element elementor-element-5470e82\" data-id=\"5470e82\" data-element_type=\"column\"><div class=\"elementor-column-wrap elementor-element-populated\"><div class=\"elementor-widget-wrap\"><div class=\"elementor-element elementor-element-f1fcfce elementor-widget elementor-widget-image\" data-id=\"f1fcfce\" data-element_type=\"widget\" data-widget_type=\"image.default\"><div class=\"elementor-widget-container\"><div class=\"elementor-image\"><img decoding=\"async\" width=\"640\" height=\"972\" src=\"https:\/\/mozaiq.mensa.rs\/wp-content\/uploads\/2025\/07\/sheet-music-8398449_1280-674x1024.jpg\" class=\"attachment-large size-large\" alt=\"\" loading=\"lazy\" srcset=\"https:\/\/mozaiq.mensa.rs\/wp-content\/uploads\/2025\/07\/sheet-music-8398449_1280-674x1024.jpg 674w, https:\/\/mozaiq.mensa.rs\/wp-content\/uploads\/2025\/07\/sheet-music-8398449_1280-198x300.jpg 198w, https:\/\/mozaiq.mensa.rs\/wp-content\/uploads\/2025\/07\/sheet-music-8398449_1280-768x1166.jpg 768w, https:\/\/mozaiq.mensa.rs\/wp-content\/uploads\/2025\/07\/sheet-music-8398449_1280-600x911.jpg 600w, https:\/\/mozaiq.mensa.rs\/wp-content\/uploads\/2025\/07\/sheet-music-8398449_1280.jpg 843w\" sizes=\"(max-width: 640px) 100vw, 640px\"\/><\/div><\/div><\/div><\/div><\/div><\/div><\/div><\/div><\/section><section class=\"elementor-section elementor-top-section elementor-element elementor-element-f1c345b elementor-section-boxed elementor-section-height-default elementor-section-height-default\" data-id=\"f1c345b\" data-element_type=\"section\"><div class=\"elementor-container elementor-column-gap-default\"><div class=\"elementor-row\"><div class=\"elementor-column elementor-col-100 elementor-top-column elementor-element elementor-element-dd07c35\" data-id=\"dd07c35\" data-element_type=\"column\"><div class=\"elementor-column-wrap elementor-element-populated\"><div class=\"elementor-widget-wrap\"><div class=\"elementor-element elementor-element-f7d6f1e elementor-widget elementor-widget-text-editor\" data-id=\"f7d6f1e\" data-element_type=\"widget\" data-widget_type=\"text-editor.default\"><div class=\"elementor-widget-container\"><div class=\"elementor-text-editor elementor-clearfix\"><p>Ako vremenski zakora\u010dimo samo vek ili ne\u0161to vi\u0161e unazad, shvati\u0107emo da je inspiracija vezana za fenomen Sibelijus, bila krucijalna za nacionalni preporod Finaca. Dva su stuba narodnog bu\u0111enja ovog naroda: jedan je \u017dan Sibelijus, a drugi Elijas Lenrot (Elias L\u00f6nnrot), prire\u0111iva\u010d finskog nacionalnog epa <i>Kalevala<\/i>. Sibelijus je svesrdnom muzi\u010dkom podr\u0161kom finskom nacionalnom epu, pokazao rodoljublje iz pozicije svoje najdublje muzi\u010dke stru\u010dnosti. Kao rezultat i kao vrhunac ovakvog umetni\u010dkog pregala\u0161tva nastala je kompozicija \u201eFinlandia\u201c. U <i>Kalevali <\/i>je Sibelijus prona\u0161ao upori\u0161te za svoje vrednosti, a to su: pobeda svetlosti nad mrakom, borba za slobodu i sveop\u0161te bratsko ose\u0107anje sa svim ljudima dobre volje. Finski kompozitor se epu lajtmotivski stalno vra\u0107ao, a pred kraj svog stvarala\u0161tva pomenute vrednosti su prona\u0161le svoje novo usidrenje u religioznoj muzici. Sa mnogim pesnicima i prevodiocima je sara\u0111ivao kako bi stvorio optimalan spoj muzike i teksta. Me\u0111u njima su Viktor Ridberg (Viktor Rydberg), Eino Leino (Eino Leino), Franc fon \u0160ober (Franz von Schober), Samuli Sario (Samuli Saario), a pisao je u toj duhovnoj \u201erukoveti\u201c i muziku na stihove Johana Volfganga Getea (Johann Wolfgang von Goethe).<\/p><p><span style=\"font-weight: 400;\">Sibelijusov religiozni opus u svojoj osnovi ima orgulje. S\u00e2m kompozitor je bio violinista, ali je ovaj deo svog stvarala\u0161tva prilagodio ezoteri\u010dnoj atmosferi hrama. Poput baroka, u ovoj muzici postoji veliki kontrast izme\u0111u fenomena svetlosti i fenomena mraka, oli\u010den pre svega kroz dinami\u010dke kontraste. Dok \u0161etamo slu\u0161nim stazama Sibelijusove muzike mo\u017eemo da osetimo sna\u017enu podr\u0161ku porodi\u010dnim vrednostima. To isijava Ridbergova pesma \u201eKo \u010dezne u grudima\u201c. U kompoziciji na stihove \u0160oberove pesme \u201eMisli neka nam budu uteha\u201c, u Leinovom prevodu, molitveni zaziv koji do\u010darava tenor koji priziva unos svetlosti u mrak. Naredna pesma \u201eMada je mlado li\u0161\u0107e zeleno\u201c alegorijski pokazuje potrebu da se mlado duhovno bi\u0107e, neofit, podr\u017ei u uzdizanju i samospoznaji. Najve\u0107u energiju u ovom spletu kompozicija mo\u017eemo osetiti u \u201eBratskoj himni\u201c, kako u re\u010dima Samuli Sarija tako i u Sibelijusovoj muzici. Nju nosi misao da je bratstvo univerzalni kohezioni faktor, te da su jedinstvo i solidarnost me\u0111u ljudima najva\u017enija. Esencija svega predstavlja \u010dinjenica da samo u sadejstvu sa drugima mo\u017eemo sti\u0107i do samospoznaje, sre\u0107e i mira sa samim sobom.<\/span><\/p><p><span style=\"font-weight: 400;\">Genijalnost, kreativnost, visoka inteligencija, ne samo logi\u010dka nego i emotivna i socijalna, vodila je kompozitora u sr\u017e finskog naroda. Od muzi\u010dkog saznanja do kreacije, ljude danas vodi istoimeni program za komponovanje. Sibelijus je polisemi\u010dna re\u010d za vodi\u010da putevima svetlosti, koja ve\u0107 tri veka kontinuirano pulsira.\u00a0<\/span><\/p><p><\/p><p><span style=\"font-weight: 400;\">Vladimir B. Peri\u0107<\/span><\/p><\/div><\/div><\/div><\/div><\/div><\/div><\/div><\/div><\/section><\/div><\/div><\/div>","protected":false},"excerpt":{"rendered":"<p>Ove godine se navr\u0161ava 160 godina od ro\u0111enja finskog kompozitora \u017dana Sibelijusa (Jean Sibelius) (1865-1957). Prezime Sibelius je ujedno i brend \u2013 naziv programa za komponovanje. Ovaj softver omogu\u0107ava razvoj kreativnosti kod muzi\u010dkih autodidakta (samoukih), ali ima i izuzetno jak i zna\u010dajan obrazovni aspekat. Program je razvila kompanija Avid iz SAD tokom ranih 1990-ih upravo u periodu kada finsko obrazovanje do\u017eivljava zna\u010dajan uspon, zajedno sa Nokiom, kompanijom najpoznatijom po mobilnim telefonima.<\/p>\n","protected":false},"author":30,"featured_media":1907,"comment_status":"open","ping_status":"open","sticky":false,"template":"","format":"standard","meta":[],"categories":[55,50],"tags":[],"_links":{"self":[{"href":"https:\/\/mozaiq.mensa.rs\/index.php?rest_route=\/wp\/v2\/posts\/1906"}],"collection":[{"href":"https:\/\/mozaiq.mensa.rs\/index.php?rest_route=\/wp\/v2\/posts"}],"about":[{"href":"https:\/\/mozaiq.mensa.rs\/index.php?rest_route=\/wp\/v2\/types\/post"}],"author":[{"embeddable":true,"href":"https:\/\/mozaiq.mensa.rs\/index.php?rest_route=\/wp\/v2\/users\/30"}],"replies":[{"embeddable":true,"href":"https:\/\/mozaiq.mensa.rs\/index.php?rest_route=%2Fwp%2Fv2%2Fcomments&post=1906"}],"version-history":[{"count":3,"href":"https:\/\/mozaiq.mensa.rs\/index.php?rest_route=\/wp\/v2\/posts\/1906\/revisions"}],"predecessor-version":[{"id":1911,"href":"https:\/\/mozaiq.mensa.rs\/index.php?rest_route=\/wp\/v2\/posts\/1906\/revisions\/1911"}],"wp:featuredmedia":[{"embeddable":true,"href":"https:\/\/mozaiq.mensa.rs\/index.php?rest_route=\/wp\/v2\/media\/1907"}],"wp:attachment":[{"href":"https:\/\/mozaiq.mensa.rs\/index.php?rest_route=%2Fwp%2Fv2%2Fmedia&parent=1906"}],"wp:term":[{"taxonomy":"category","embeddable":true,"href":"https:\/\/mozaiq.mensa.rs\/index.php?rest_route=%2Fwp%2Fv2%2Fcategories&post=1906"},{"taxonomy":"post_tag","embeddable":true,"href":"https:\/\/mozaiq.mensa.rs\/index.php?rest_route=%2Fwp%2Fv2%2Ftags&post=1906"}],"curies":[{"name":"wp","href":"https:\/\/api.w.org\/{rel}","templated":true}]}}