{"id":282,"date":"2020-08-01T16:54:15","date_gmt":"2020-08-01T14:54:15","guid":{"rendered":"https:\/\/mozaiq.mensa.rs\/?p=282"},"modified":"2022-12-17T11:55:43","modified_gmt":"2022-12-17T09:55:43","slug":"prvo-druzenje-na-danima-mense-u-beogradu","status":"publish","type":"post","link":"https:\/\/mozaiq.mensa.rs\/?p=282","title":{"rendered":"Prvo dru\u017eenje na danima Mense u Beogradu"},"content":{"rendered":"<p> Pro\u0161le godine, zbog privatnih obaveza, nisam uspela da u\u010destvujem u aktivnostima koje se organizuju u okviru tradicionalne manifestacije Dani Mense u Beogradu. Me\u0111utim, ove godine sam odlu\u010dila da to promenim. Organizovala sam svoje vreme tako da sam uspela da uskladim odre\u0111ene aktivnosti sa svojim postoje\u0107im \u201evikend\u201c planovima. U petak popodne, prvog dana DMuBG, odlu\u010dila sam da sa kumovima obi\u0111em Zerek. Iskrena da budem, do tada nisam znala da je Zerek, zapravo, turski naziv za gornji Dor\u0107ol, odnosno za kvart koji obuhvata slede\u0107e ulice: Francusku, Cara Du\u0161ana, Tadeu\u0161a Ko\u0161\u0107u\u0161ka i Vasinu. \u0160etnja je po\u010dela u 18 \u010dasova kod fontane u blizini spomenika Vase \u010carapi\u0107a odakle smo krenuli niz Francusku ulicu. Ve\u0107 na raskrsnici sa ulicom Bra\u0107e Jugovi\u0107a smo zastali kako bismo \u010duli pri\u010du o \u017eivotu srpskog agenta Du\u0161ka Popova. Po njemu je nastao lik D\u017eejmsa Bonda a njegova porodi\u010dna ku\u0107a se nalazila ba\u0161 na pomenutoj raskrsnici. Dalje smo pro\u0161etali Siminom ulicom i tom prilikom smo se upoznali sa istorijom vi\u0161e stambenih i poslovnih objekata koji se tu nalaze. U jednom trenutku nam se pridru\u017eila nepoznata starija gospo\u0111a; zadr\u017eala se da saslu\u0161a deo istorije vezane za Zerek i pri\u010du o tome kako se on menjao i razvijao. Nakon \u0161to ju je na\u0161 vodi\u010d Mirej upitala da li se poznaju, gospo\u0111a je odgovorila da se ne poznaju ali i da je potpuno ta\u010dno sve \u0161to je Mirej ispri\u010dala. Naime, doti\u010dna gospo\u0111a ima 91 godinu i pro\u017eivela je istoriju koja nam je upravo ispri\u010dana. Upoznavanje Zereka nas je dovelo do \u010duvene \u010cukur \u010desme odakle smo nastavili Gospodar Jevremovom ulicom. Tu smo saznali za promene imena ulice kao i za istoriju ku\u0107e porodice Pavlovi\u0107 na broju 39. U produ\u017eetku smo do\u0161li do zgrade UK Parobrod, odakle smo krenuli nizbrdo do raskrsnice ulica Kapetan Mi\u0161ine i Gospodar Jovanove. Na uglu te raskrsnice nalazi se ku\u0107a slikara Riste i Bete Vukanovi\u0107 koja je nekoliko godina po\u010detkom pro\u0161log veka bila i Slikarska \u0161kola. Kraj obilaska Zereka nas je zadesio na drugom kraju Gospodar Jevremove ulice. Zastali smo izme\u0111u Osnovne \u0161kole Mihailo Petrovi\u0107 Alas i Muzeja pozori\u0161ne umetnosti a zatim zavr\u0161ili \u0161etnju kod Bajrakli d\u017eamije. Nakon sat i po upoznavanja jednog dela Zereka pojedini ljudi su krenuli na pab kviz \u010demu ja nisam prisustvovala. <\/p><p> U subotu prepodne bila je organizovana aktivnost \u201eCity rally\u201d. Okupljanje je bilo u 10 \u010dasova u kancelariji Mense u Domu omladine. Nakon upoznavanja sa pravilima i formiranja timova, takmi\u010denje je po\u010delo u 10.30. S obzirom na to da nisam imala svoj tim, upoznala sam Nata\u0161u i Slavi\u0161u i priklju\u010dila im se. Akcija je bila jako zabavna ali i poprili\u010dno naporna. Bilo je potrebno prona\u0107i \u0161to vi\u0161e lokacija (od 9 mogu\u0107ih) za sat i po, pomo\u0107u aplikacije \u201eBeogradski pobednik\u201d. Nakon instaliranja na telefon, u aplikaciji ukucate svoje ime i uklju\u010dite GPS. Mapa Beograda se sastoji od tri razli\u010dita tipa mape (rat, kultura i zabava) a svaka mapa pojedina\u010dno sadr\u017ei po 3 lokacije koje treba prona\u0107i. Aplikacija nudi fotografiju ili citat ili mozgalicu pomo\u0107u kojih je potrebno do\u0107i do re\u0161enja da bi se na\u0161la odre\u0111ena lokacija. Nakon stizanja na zadatu lokaciju, GPS registruje dolazak i dobija se obave\u0161tenje da je lokacija prona\u0111ena kao i kratka informacija o istoj. Ukoliko dati podatak za pronalazak lokacije nije jasan, mogu\u0107e je kliknuti na \u201ehint\u201c za dodatno obja\u0161njenje ali se u tom slu\u010daju gubi po jedan poen. Tako\u0111e, ukoliko je potrebno, bilo je dozvoljeno koristiti i Google, bez gubitka poena. Nije bilo jednostavno tako brzo napraviti strategiju za tra\u017eenje lokacija ali mislim da smo spontano do\u0161li do brzog i efikasnog re\u0161enja. Na Nata\u0161inom telefonu smo tra\u017eili zadate lokacije dok smo moj telefon koristili za Google, za lokacije koje nismo mogli odmah da re\u0161imo. Jurili smo od jednog do drugog mesta, borili se sa vru\u0107inom ali smo ih uspe\u0161no pronalazili. Rado bih vam otkrila koje lokacije su u pitanju (uspeli smo da prona\u0111emo 8 lokacija), ali ne \u017eelim da kvarim zabavu ljudima koji bi voleli da probaju aplikaciju. Nakon sat i po, ta\u010dno u 12 \u010dasova, misle\u0107i da smo stigli na pravu poslednju lokaciju i saznav\u0161i da je ipak nismo prona\u0161li, krenuli smo nazad u Dom omladine. Kada su svi timovi stigli, usledilo je progla\u0161enje pobednika. Po broju poena podelili smo prvo mesto sa timom iz Novog Sada, ali s obzirom na to da su \u010dlanovi tog tima u proseku mla\u0111i i lep\u0161i, mi smo zauzeli drugo mesto. Nismo to o\u010dekivali ali moram priznati da smo zaista dali sve od sebe da prona\u0111emo lokacije tim pre jer smo se istra\u017euju\u0107i i zabavljali. Preporu\u010dila bih ovu aplikaciju svima koji vole takmi\u010darsko istra\u017eivanje. Nakon toga usledio je obilazak kule Neboj\u0161a. Devojka koja nam je bila stru\u010dni vodi\u010d prijatno nas je do\u010dekala i ukratko ispri\u010dala istoriju kule. Interaktivna postavka na tri sprata u kuli je zanimljiva i sadr\u017eajna. Nije potrebno previ\u0161e vremena da se izdvoji za obilazak a svakako se mo\u017ee \u010duti i pro\u010ditati dosta informacija. Ovo je sjajan predlog za sve ljude koji vole relativno male postavke iz kojih se mo\u017ee dosta saznati. U nedelju ujutru sam se na\u0161la sa Acom i Jelenom kako bismo zauzeli mesto na Adi za tradicionalni ro\u0161tilj. Uz \u0107askanje, pripremili smo osnovne stvari za ro\u0161tilj, zauzeli nekoliko stolova i \u010dekali znak da po\u010dnemo. Kada je hrana za spremanje po\u010dela da pristi\u017ee, prionuli smo na posao. Vatra je bila raspaljena, meso spremno za pe\u010denje, \u017eenska populacija je pripremala povr\u0107e, pi\u0107e je bilo postavljeno, snimana je i fotografisana atmosfera\u2026 Ljudi su po\u010deli da pristi\u017eu i razgovor me\u0111u \u010dlanovima se \u0161irio. Bila su prisutna i deca koja su kasnije, u toku dana, imala zanimljive igre i takmi\u010denja. Povremeno volim da stanem sa strane i posmatram ljude oko sebe i moram da priznam da je taj ambijent u prirodi bio zaista lep za gledanje. Kao zavr\u0161ni utisak, prvo dru\u017eenje na Danima Mense u Beogradu je bilo divno. Upoznala sam nove ljude, otkrila neke nove stvari, zabavila se i u\u017eivala. Svakome ko bi \u017eeleo da se uklju\u010di u ovakve aktivnosti poru\u010dila bih da se ne ustru\u010dava. Vidimo se slede\u0107e godine! Ili ranije\u2026 <\/p><hr class=\"wp-block-separator has-css-opacity\"\/><p><strong>Dunja<\/strong> je ro\u0111ena u Valjevu, ima 24 godine i zavr\u0161ila je Visoku ICT \u0161kolu u Beogradu. \u010clan Mense je od aprila 2016.godine i pre godinu dana je po\u010dela da gradi svoju karijeru u dobrovoljnom penzijskom fondu DDOR-Garant ad na poziciji poslovnog sekretara. <\/p>","protected":false},"excerpt":{"rendered":"<p>Pro\u0161le godine, zbog privatnih obaveza, nisam uspela da u\u010destvujem u aktivnostima koje se organizuju u okviru tradicionalne manifestacije Dani Mense u Beogradu. Me\u0111utim, ove godine sam odlu\u010dila da to promenim. Organizovala sam svoje vreme tako da sam uspela da uskladim odre\u0111ene aktivnosti sa svojim postoje\u0107im \u201evikend\u201c planovima. U petak popodne, prvog dana DMuBG, odlu\u010dila sam [&hellip;]<\/p>\n","protected":false},"author":9,"featured_media":283,"comment_status":"open","ping_status":"open","sticky":false,"template":"","format":"standard","meta":[],"categories":[5,4],"tags":[53,2],"_links":{"self":[{"href":"https:\/\/mozaiq.mensa.rs\/index.php?rest_route=\/wp\/v2\/posts\/282"}],"collection":[{"href":"https:\/\/mozaiq.mensa.rs\/index.php?rest_route=\/wp\/v2\/posts"}],"about":[{"href":"https:\/\/mozaiq.mensa.rs\/index.php?rest_route=\/wp\/v2\/types\/post"}],"author":[{"embeddable":true,"href":"https:\/\/mozaiq.mensa.rs\/index.php?rest_route=\/wp\/v2\/users\/9"}],"replies":[{"embeddable":true,"href":"https:\/\/mozaiq.mensa.rs\/index.php?rest_route=%2Fwp%2Fv2%2Fcomments&post=282"}],"version-history":[{"count":6,"href":"https:\/\/mozaiq.mensa.rs\/index.php?rest_route=\/wp\/v2\/posts\/282\/revisions"}],"predecessor-version":[{"id":1147,"href":"https:\/\/mozaiq.mensa.rs\/index.php?rest_route=\/wp\/v2\/posts\/282\/revisions\/1147"}],"wp:featuredmedia":[{"embeddable":true,"href":"https:\/\/mozaiq.mensa.rs\/index.php?rest_route=\/wp\/v2\/media\/283"}],"wp:attachment":[{"href":"https:\/\/mozaiq.mensa.rs\/index.php?rest_route=%2Fwp%2Fv2%2Fmedia&parent=282"}],"wp:term":[{"taxonomy":"category","embeddable":true,"href":"https:\/\/mozaiq.mensa.rs\/index.php?rest_route=%2Fwp%2Fv2%2Fcategories&post=282"},{"taxonomy":"post_tag","embeddable":true,"href":"https:\/\/mozaiq.mensa.rs\/index.php?rest_route=%2Fwp%2Fv2%2Ftags&post=282"}],"curies":[{"name":"wp","href":"https:\/\/api.w.org\/{rel}","templated":true}]}}