{"id":341,"date":"2020-08-16T17:57:05","date_gmt":"2020-08-16T15:57:05","guid":{"rendered":"https:\/\/mozaiq.mensa.rs\/?p=341"},"modified":"2022-12-16T14:31:10","modified_gmt":"2022-12-16T12:31:10","slug":"pametan-ili-nuzan-izbor","status":"publish","type":"post","link":"https:\/\/mozaiq.mensa.rs\/?p=341","title":{"rendered":"Pametan ili nu\u017ean izbor"},"content":{"rendered":"<p style=\"text-align:center\"><strong> Fotografija: <\/strong>Ina Hoekstra <\/p><p> Gledam kroz prljav prozor mini autobusa sporadi \u010dnu pojavu glavica kupusa na mokroj zemlji. Promi\u010du pored mene kao pro\u0107erdani dani jednog intelektualca u nepopravljivoj sredini u kojoj vladaju magla i tmina. Da, tmina, kao u onoj pe\u0107ini iznad koje se javilo klizi\u0161te na ulasku u takozvanu \u201eZonu sumraka\u201c. Ispod tog klizi\u0161ta, u toj pe\u0107ini re\u0161ili su da naprave crkvu. Crkvu iznad koje se ru\u0161i brdo, a ispod koje je brza reka u koju se survavaju stene. <\/p><p>Sigurno se pitamo, barem ponekad, da li smo sami izabrali ovakav put kojim idemo ili je neka \u201evi\u0161a sila\u201c odredila da je neophodno da ba\u0161 mi i ba\u0161 sada budemo tu gde jesmo. Na\u0161e postojanje je svrsishodno nama i drugima u odre\u0111enoj situaciji. Toj crkvi tako\u0111e\u2026 Svugde ima pametnih ljudi, samo ih ne mo\u017ee svako primetiti. Oni obavljaju poslove za druge koji ih kao takve ne prime\u0107uju, ali se pored njih ose\u0107aju komotnije i lak\u0161e. U hijer \u2013 arhiji inteligencije je da vi\u0161e inteligentan prepoznaje manju inteligenciju, ali je uo \u010davanje pametnijeg kao \u201evrzino kolo\u201c\u2026 Pametnijeg niko ne vidi. Prose \u010dan \u010dovek je napravio svet po svojoj meri. Njemu nije potrebna ve\u0107a inteligencija od prose \u010dne. \u0160ta onda ostaje inteligentnom \u010doveku? Savremeni \u010dovek nije br\u017ei, nije ni spretniji niti je fizi \u010dki sposobniji nego \u0161to je bio pre. Savremeni \u010dovek je samo pametniji od prethodnog. Evolucija obezbe\u0111uje opstanak onome ko inteligenciju prepozna i ume da iskoristi. U dana\u0161nje vreme inteligencija je postala najmodernije oru\u017eje u borbi za napredak. <\/p><p>Kako onda iskoristiti inteligenciju?! Tako \u0161to \u0107emo \u201eNu\u017ean izbor\u201c pretvoriti u \u201ePametan izbor\u201c. Sve ono \u0161to radite za druge i u tu\u0111u korist nije izgubljeno. To je samo va\u0161e. Ne onoga ko se ose\u0107ao komotno pored vas dok ste obavljali zajedni \u010dki posao. Inteligenciju vam daju roditelji, a znanje sami sebi u razli \u010ditim uslovima. Mo\u017eda vas je ba\u0161 neka \u201evi\u0161a sila\u201c poslala tu da nau \u010dite ono \u0161to drugde ne biste nau \u010dili a \u0161to je tako\u0111e i na drugim mestima potrebno. Iskoristite sve ono \u0161to ste shvatili a ne biste imali priliku da shvatite u uslovima komoditeta i bolje egzistencije. Ono \u0161to ste dobili ba\u0161 tu gde se nalazi klizi\u0161te, a stene survavaju u brzu reku. <\/p><hr class=\"wp-block-separator\"\/><p> <strong>spec.dr Marija Lazarevi\u0107<\/strong> je zavr\u0161ila Medicinski fakultet u Beogradu. Specijalista je op\u0161te medicine i psihoterapeut u superviziji. \u010clan Mense od 2012.god, i \u010dlan Predsedni\u0161tva Podru\u017enice Loznica Srpskog lekarskog dru\u0161tva. <\/p>","protected":false},"excerpt":{"rendered":"<p>Fotografija: Ina Hoekstra Gledam kroz prljav prozor mini autobusa sporadi \u010dnu pojavu glavica kupusa na mokroj zemlji. Promi\u010du pored mene kao pro\u0107erdani dani jednog intelektualca u nepopravljivoj sredini u kojoj vladaju magla i tmina. Da, tmina, kao u onoj pe\u0107ini iznad koje se javilo klizi\u0161te na ulasku u takozvanu \u201eZonu sumraka\u201c. Ispod tog klizi\u0161ta, u [&hellip;]<\/p>\n","protected":false},"author":9,"featured_media":342,"comment_status":"open","ping_status":"open","sticky":false,"template":"","format":"standard","meta":[],"categories":[59],"tags":[],"_links":{"self":[{"href":"https:\/\/mozaiq.mensa.rs\/index.php?rest_route=\/wp\/v2\/posts\/341"}],"collection":[{"href":"https:\/\/mozaiq.mensa.rs\/index.php?rest_route=\/wp\/v2\/posts"}],"about":[{"href":"https:\/\/mozaiq.mensa.rs\/index.php?rest_route=\/wp\/v2\/types\/post"}],"author":[{"embeddable":true,"href":"https:\/\/mozaiq.mensa.rs\/index.php?rest_route=\/wp\/v2\/users\/9"}],"replies":[{"embeddable":true,"href":"https:\/\/mozaiq.mensa.rs\/index.php?rest_route=%2Fwp%2Fv2%2Fcomments&post=341"}],"version-history":[{"count":1,"href":"https:\/\/mozaiq.mensa.rs\/index.php?rest_route=\/wp\/v2\/posts\/341\/revisions"}],"predecessor-version":[{"id":343,"href":"https:\/\/mozaiq.mensa.rs\/index.php?rest_route=\/wp\/v2\/posts\/341\/revisions\/343"}],"wp:featuredmedia":[{"embeddable":true,"href":"https:\/\/mozaiq.mensa.rs\/index.php?rest_route=\/wp\/v2\/media\/342"}],"wp:attachment":[{"href":"https:\/\/mozaiq.mensa.rs\/index.php?rest_route=%2Fwp%2Fv2%2Fmedia&parent=341"}],"wp:term":[{"taxonomy":"category","embeddable":true,"href":"https:\/\/mozaiq.mensa.rs\/index.php?rest_route=%2Fwp%2Fv2%2Fcategories&post=341"},{"taxonomy":"post_tag","embeddable":true,"href":"https:\/\/mozaiq.mensa.rs\/index.php?rest_route=%2Fwp%2Fv2%2Ftags&post=341"}],"curies":[{"name":"wp","href":"https:\/\/api.w.org\/{rel}","templated":true}]}}