{"id":815,"date":"2022-11-15T20:03:37","date_gmt":"2022-11-15T18:03:37","guid":{"rendered":"https:\/\/mozaiq.mensa.rs\/?p=815"},"modified":"2023-03-24T22:35:33","modified_gmt":"2023-03-24T20:35:33","slug":"putopisi-banatskog-vina","status":"publish","type":"post","link":"https:\/\/mozaiq.mensa.rs\/?p=815","title":{"rendered":"Putopisi banatskog vina"},"content":{"rendered":"<div data-elementor-type=\"wp-post\" data-elementor-id=\"815\" class=\"elementor elementor-815\"><div class=\"elementor-inner\"><div class=\"elementor-section-wrap\"><section class=\"elementor-section elementor-top-section elementor-element elementor-element-66860a0 elementor-section-boxed elementor-section-height-default elementor-section-height-default\" data-id=\"66860a0\" data-element_type=\"section\"><div class=\"elementor-container elementor-column-gap-default\"><div class=\"elementor-row\"><div class=\"elementor-column elementor-col-100 elementor-top-column elementor-element elementor-element-04d4c73\" data-id=\"04d4c73\" data-element_type=\"column\"><div class=\"elementor-column-wrap elementor-element-populated\"><div class=\"elementor-widget-wrap\"><div class=\"elementor-element elementor-element-57ebfa9 elementor-widget elementor-widget-text-editor\" data-id=\"57ebfa9\" data-element_type=\"widget\" data-widget_type=\"text-editor.default\"><div class=\"elementor-widget-container\"><div class=\"elementor-text-editor elementor-clearfix\"><p>Hodaju\u0107i ili voze\u0107i se po Banatu, prolaznik mo\u017ee uo\u010diti razna naselja\u00a0<span style=\"color: #3b3e4d; font-family: AkkuratPro, Arial, sans-serif; font-size: 18px; text-align: start;\">\u2013<\/span>\u00a0od malih sela, pa do malo ve\u0107ih varo\u0161i, gradova, a ponegde izme\u0111u njih nikne i malo imanje sa, po pravilu, ku\u0107om, dvori\u0161tem, psom i ba\u0161ticom za povr\u0107e i cve\u0107e. Okru\u017een tim selima, pojedina\u010dnim domovima i imanjima, u podno\u017eju starih, gromadnih planina nalazi se Vr\u0161ac, grad ljubavi, vetra i vina.<\/p><p>Sme\u0161ten uz same vinograde, Vr\u0161ac se naslanja na Vr\u0161a\u010dke planine koje su prekrivene \u0161umom \u010detinara i listopadnog drve\u0107a koje nastanjuju razne \u017eivotinje. Najvi\u0161i vrh planina je ujedno i najvi\u0161i vrh Vojvodine \u2013 Guduri\u010dki vrh. Sama kruna ovog pejza\u017ea je \u010duveni zamak Vr\u0161a\u010dka kula.<\/p><p>U samom srcu grada nalazi se velelepna katedrala Svetog Gerharda. Sazidana je u neogotskom stilu, 1863. godine. Visina i jedinstven izgled ovoj daju joj titulu \u201esvetionika\u201c \u2013 katedrala se mo\u017ee videti iz okolnih mesta kada vremenski uslovi to dozvoljavaju, a \u0161to se vi\u0161e pribli\u017eavamo gradu, jasnije i bolje pokazuje svoje detalje i poma\u017ee putnicima da se orijenti\u0161u. Vr\u0161\u010dani je \u010desto zovu samo Katedrala.<\/p><\/div><\/div><\/div><\/div><\/div><\/div><\/div><\/div><\/section><section class=\"elementor-section elementor-top-section elementor-element elementor-element-573288c elementor-section-boxed elementor-section-height-default elementor-section-height-default\" data-id=\"573288c\" data-element_type=\"section\"><div class=\"elementor-container elementor-column-gap-default\"><div class=\"elementor-row\"><div class=\"elementor-column elementor-col-100 elementor-top-column elementor-element elementor-element-b07e5c7\" data-id=\"b07e5c7\" data-element_type=\"column\"><div class=\"elementor-column-wrap elementor-element-populated\"><div class=\"elementor-widget-wrap\"><div class=\"elementor-element elementor-element-ab5c7f5 elementor-arrows-position-inside elementor-pagination-position-outside elementor-widget elementor-widget-image-carousel\" data-id=\"ab5c7f5\" data-element_type=\"widget\" data-settings=\"{&quot;slides_to_show&quot;:&quot;2&quot;,&quot;navigation&quot;:&quot;both&quot;,&quot;autoplay&quot;:&quot;yes&quot;,&quot;pause_on_hover&quot;:&quot;yes&quot;,&quot;pause_on_interaction&quot;:&quot;yes&quot;,&quot;autoplay_speed&quot;:5000,&quot;infinite&quot;:&quot;yes&quot;,&quot;speed&quot;:500}\" data-widget_type=\"image-carousel.default\"><div class=\"elementor-widget-container\"><div class=\"elementor-image-carousel-wrapper swiper-container\" dir=\"ltr\"><div class=\"elementor-image-carousel swiper-wrapper\"><div class=\"swiper-slide\"><a data-elementor-open-lightbox=\"yes\" data-elementor-lightbox-slideshow=\"ab5c7f5\" data-elementor-lightbox-title=\"Odmarali&scaron;te\" e-action-hash=\"#elementor-action%3Aaction%3Dlightbox%26settings%3DeyJpZCI6ODU2LCJ1cmwiOiJodHRwczpcL1wvbW96YWlxLm1lbnNhLnJzXC93cC1jb250ZW50XC91cGxvYWRzXC8yMDIyXC8xMVwvSU1HLTIwMjIxMTE1LVdBMDEwNS5qcGciLCJzbGlkZXNob3ciOiJhYjVjN2Y1In0%3D\" href=\"https:\/\/mozaiq.mensa.rs\/wp-content\/uploads\/2022\/11\/IMG-20221115-WA0105.jpg\"><figure class=\"swiper-slide-inner\"><img decoding=\"async\" class=\"swiper-slide-image\" src=\"https:\/\/mozaiq.mensa.rs\/wp-content\/uploads\/2022\/11\/IMG-20221115-WA0105.jpg\" alt=\"Foto: Anastasija Tot\" srcset=\"\"\/><figcaption class=\"elementor-image-carousel-caption\">Foto: Anastasija Tot<\/figcaption><\/figure><\/a><\/div><div class=\"swiper-slide\"><a data-elementor-open-lightbox=\"yes\" data-elementor-lightbox-slideshow=\"ab5c7f5\" data-elementor-lightbox-title=\"Katedrala\" e-action-hash=\"#elementor-action%3Aaction%3Dlightbox%26settings%3DeyJpZCI6ODQ4LCJ1cmwiOiJodHRwczpcL1wvbW96YWlxLm1lbnNhLnJzXC93cC1jb250ZW50XC91cGxvYWRzXC8yMDIyXC8xMVwvSU1HLTIwMjIxMTAzLVdBMDE0MS5qcGciLCJzbGlkZXNob3ciOiJhYjVjN2Y1In0%3D\" href=\"https:\/\/mozaiq.mensa.rs\/wp-content\/uploads\/2022\/11\/IMG-20221103-WA0141.jpg\"><figure class=\"swiper-slide-inner\"><img decoding=\"async\" class=\"swiper-slide-image\" src=\"https:\/\/mozaiq.mensa.rs\/wp-content\/uploads\/2022\/11\/IMG-20221103-WA0141.jpg\" alt=\"Foto: Tara Jovanovi\u0107\" srcset=\"\"\/><figcaption class=\"elementor-image-carousel-caption\">Foto: Tara Jovanovi\u0107<\/figcaption><\/figure><\/a><\/div><div class=\"swiper-slide\"><a data-elementor-open-lightbox=\"yes\" data-elementor-lightbox-slideshow=\"ab5c7f5\" data-elementor-lightbox-title=\"Vidikovac\" e-action-hash=\"#elementor-action%3Aaction%3Dlightbox%26settings%3DeyJpZCI6ODQzLCJ1cmwiOiJodHRwczpcL1wvbW96YWlxLm1lbnNhLnJzXC93cC1jb250ZW50XC91cGxvYWRzXC8yMDIyXC8xMVwvZm90by12aWRpa292YWMtMi0xLnBuZyIsInNsaWRlc2hvdyI6ImFiNWM3ZjUifQ%3D%3D\" href=\"https:\/\/mozaiq.mensa.rs\/wp-content\/uploads\/2022\/11\/foto-vidikovac-2-1.png\"><figure class=\"swiper-slide-inner\"><img decoding=\"async\" class=\"swiper-slide-image\" src=\"https:\/\/mozaiq.mensa.rs\/wp-content\/uploads\/2022\/11\/foto-vidikovac-2-1.png\" alt=\"Foto: Nemanja Angelovski\" srcset=\"\"\/><figcaption class=\"elementor-image-carousel-caption\">Foto: Nemanja Angelovski<\/figcaption><\/figure><\/a><\/div><div class=\"swiper-slide\"><a data-elementor-open-lightbox=\"yes\" data-elementor-lightbox-slideshow=\"ab5c7f5\" data-elementor-lightbox-title=\"Stadion\" e-action-hash=\"#elementor-action%3Aaction%3Dlightbox%26settings%3DeyJpZCI6ODIwLCJ1cmwiOiJodHRwczpcL1wvbW96YWlxLm1lbnNhLnJzXC93cC1jb250ZW50XC91cGxvYWRzXC8yMDIyXC8xMVwvSU1HLTIwMjIxMTAzLVdBMDE0Mi5qcGciLCJzbGlkZXNob3ciOiJhYjVjN2Y1In0%3D\" href=\"https:\/\/mozaiq.mensa.rs\/wp-content\/uploads\/2022\/11\/IMG-20221103-WA0142.jpg\"><figure class=\"swiper-slide-inner\"><img decoding=\"async\" class=\"swiper-slide-image\" src=\"https:\/\/mozaiq.mensa.rs\/wp-content\/uploads\/2022\/11\/IMG-20221103-WA0142.jpg\" alt=\"Foto: Tara Jovanovi\u0107\" srcset=\"\"\/><figcaption class=\"elementor-image-carousel-caption\">Foto: Tara Jovanovi\u0107<\/figcaption><\/figure><\/a><\/div><div class=\"swiper-slide\"><a data-elementor-open-lightbox=\"yes\" data-elementor-lightbox-slideshow=\"ab5c7f5\" data-elementor-lightbox-title=\"Vr&scaron;a\u010dki breg\" e-action-hash=\"#elementor-action%3Aaction%3Dlightbox%26settings%3DeyJpZCI6ODIxLCJ1cmwiOiJodHRwczpcL1wvbW96YWlxLm1lbnNhLnJzXC93cC1jb250ZW50XC91cGxvYWRzXC8yMDIyXC8xMVwvMS5wbmciLCJzbGlkZXNob3ciOiJhYjVjN2Y1In0%3D\" href=\"https:\/\/mozaiq.mensa.rs\/wp-content\/uploads\/2022\/11\/1.png\"><figure class=\"swiper-slide-inner\"><img decoding=\"async\" class=\"swiper-slide-image\" src=\"https:\/\/mozaiq.mensa.rs\/wp-content\/uploads\/2022\/11\/1.png\" alt=\"Foto: Tara Jovanovi\u0107\" srcset=\"\"\/><figcaption class=\"elementor-image-carousel-caption\">Foto: Tara Jovanovi\u0107<\/figcaption><\/figure><\/a><\/div><\/div><div class=\"swiper-pagination\"><\/div><div class=\"elementor-swiper-button elementor-swiper-button-prev\"><i aria-hidden=\"true\" class=\"eicon-chevron-left\"><\/i><span class=\"elementor-screen-only\">Prethodna<\/span><\/div><div class=\"elementor-swiper-button elementor-swiper-button-next\"><i aria-hidden=\"true\" class=\"eicon-chevron-right\"><\/i><span class=\"elementor-screen-only\">Slede\u0107i<\/span><\/div><\/div><\/div><\/div><\/div><\/div><\/div><\/div><\/div><\/section><section class=\"elementor-section elementor-top-section elementor-element elementor-element-d69d86f elementor-section-boxed elementor-section-height-default elementor-section-height-default\" data-id=\"d69d86f\" data-element_type=\"section\"><div class=\"elementor-container elementor-column-gap-default\"><div class=\"elementor-row\"><div class=\"elementor-column elementor-col-100 elementor-top-column elementor-element elementor-element-9c3278d\" data-id=\"9c3278d\" data-element_type=\"column\"><div class=\"elementor-column-wrap elementor-element-populated\"><div class=\"elementor-widget-wrap\"><div class=\"elementor-element elementor-element-c765b73 elementor-widget elementor-widget-text-editor\" data-id=\"c765b73\" data-element_type=\"widget\" data-widget_type=\"text-editor.default\"><div class=\"elementor-widget-container\"><div class=\"elementor-text-editor elementor-clearfix\"><figure id=\"attachment_824\" aria-describedby=\"caption-attachment-824\" style=\"width: 225px\" class=\"wp-caption alignleft\"><img decoding=\"async\" loading=\"lazy\" class=\"size-medium wp-image-824\" src=\"https:\/\/mozaiq.mensa.rs\/wp-content\/uploads\/2022\/11\/IMG-20221103-WA0143-225x300.jpg\" alt=\"\" width=\"225\" height=\"300\" srcset=\"https:\/\/mozaiq.mensa.rs\/wp-content\/uploads\/2022\/11\/IMG-20221103-WA0143-225x300.jpg 225w, https:\/\/mozaiq.mensa.rs\/wp-content\/uploads\/2022\/11\/IMG-20221103-WA0143-768x1024.jpg 768w, https:\/\/mozaiq.mensa.rs\/wp-content\/uploads\/2022\/11\/IMG-20221103-WA0143-1152x1536.jpg 1152w, https:\/\/mozaiq.mensa.rs\/wp-content\/uploads\/2022\/11\/IMG-20221103-WA0143-600x800.jpg 600w, https:\/\/mozaiq.mensa.rs\/wp-content\/uploads\/2022\/11\/IMG-20221103-WA0143.jpg 1536w\" sizes=\"(max-width: 225px) 100vw, 225px\"\/><figcaption id=\"caption-attachment-824\" class=\"wp-caption-text\">Foto: Tara Jovanovi\u0107<\/figcaption><\/figure><p>Osim nje, srce grada krasi i Vladi\u010danski dvor, zgrada smaragdne boje krova. A sva ova arhitektonska \u010dudesa zamenjuje jedinstven pogled sa vidikovca. Sa njega mo\u017eemo pomo\u0107u teleskopa posmatrati ceo grad i okolinu. Do vidikovca se mo\u017ee do\u0107i penju\u0107i se uz stare stepenice na kojima se i najiskusniji planinari umore.<\/p><p>Kao \u0161to smo ve\u0107 rekli, na vrhu se nalazi zamak okru\u017een zidinama. To je verovatno i najpoznatija turisti\u010dka atrakcija grada, a u njegovoj neposrednoj blizini je i skakaonica za paraglajdere. Osim kule, Vr\u0161ac je u davnim vremenima bio poznat i po lekovitoj vodi, te je iskopano ve\u0161ta\u010dko jezero u blizini centra grada. Ljudi su mogli da se kupaju u jezeru, a onda da \u0161etnjom i sun\u010danjem na sve\u017eem vazduhu u\u017eivaju po bregu. Negde pri kraju asfaltiranog puta, nalazi se odmarali\u0161te Crvenog Krsta, koje je nekada bilo odmarali\u0161te kraljice Marije. \u00a0<\/p><p>Osim \u0161to je okru\u017een zelenim poljima, Vr\u0161ac je ome\u0111en vinogradima koji svake godine daju fenomenalna vina. U \u010dast vinograda i samog grada, svake godine odr\u017eava se i festival \u201eDani berbe gro\u017e\u0111a\u201c, me\u0161tanima poznat kao \u201eGro\u017e\u0111ebal\u201c. U srcu grada su tada postavljeni \u0161tandovi sa hranom, slatki\u0161ima, igra\u010dkama, garderobom, a najve\u0107u atrakciju \u010dine vo\u017enje za decu. Na gradskom trgu se odr\u017eavaju koncerti poznatih peva\u010da i bendova, a iz aviona iznad grada se baca gro\u017e\u0111e zavezano za padobran\u010di\u0107, na kom pi\u0161e nagrada za osobu koja ga uhvati.<\/p><p>Vr\u0161\u010dani su ljudi koji vole svoj grad i veoma su dru\u017eeljubivi. Bogatu kulturu grada Vr\u0161ca imali su priliku da istra\u017ee i \u010dlanovi Mense Srbije, u sklopu nekoliko radionica, predavanja i upoznavanja okoline. Sve je to organizovano u raznim ustanovama i mestima \u2013 u vinariji, muzeju i Ta\u010dki susretanja, udru\u017eenju za promociju i afirmaciju kulture, nauke i umetnosti, \u010diji je predsednik i osniva\u010d prof. Marija Vasi\u0107 Kana\u010dki. Tu posetu je izuzetno opisala Jelena O\u017eegovi\u0107, \u010dlanica Mense iz Vr\u0161ca u jednom intervjuu za novine ,,Vr\u0161a\u010dka kula\u201c.\u00a0<\/p><figure id=\"attachment_1406\" aria-describedby=\"caption-attachment-1406\" style=\"width: 388px\" class=\"wp-caption alignright\"><img decoding=\"async\" loading=\"lazy\" class=\"wp-image-1406\" src=\"https:\/\/mozaiq.mensa.rs\/wp-content\/uploads\/2022\/12\/tacka-mensa-300x200.jpg\" alt=\"\" width=\"388\" height=\"258\" srcset=\"https:\/\/mozaiq.mensa.rs\/wp-content\/uploads\/2022\/12\/tacka-mensa-300x200.jpg 300w, https:\/\/mozaiq.mensa.rs\/wp-content\/uploads\/2022\/12\/tacka-mensa-1024x683.jpg 1024w, https:\/\/mozaiq.mensa.rs\/wp-content\/uploads\/2022\/12\/tacka-mensa-768x512.jpg 768w, https:\/\/mozaiq.mensa.rs\/wp-content\/uploads\/2022\/12\/tacka-mensa-1536x1024.jpg 1536w, https:\/\/mozaiq.mensa.rs\/wp-content\/uploads\/2022\/12\/tacka-mensa-600x400.jpg 600w, https:\/\/mozaiq.mensa.rs\/wp-content\/uploads\/2022\/12\/tacka-mensa-272x182.jpg 272w, https:\/\/mozaiq.mensa.rs\/wp-content\/uploads\/2022\/12\/tacka-mensa.jpg 1620w\" sizes=\"(max-width: 388px) 100vw, 388px\"\/><figcaption id=\"caption-attachment-1406\" class=\"wp-caption-text\">Foto: Ta\u010dka susretanja<\/figcaption><\/figure><p>\u201e\u010clanovi Mense Srbije, pristigli iz Beograda, Novoga Sada, Ni\u0161a, Pan\u010deva, Kru\u0161evca\u2026 prethodnog vikenda posetili su Vr\u0161ac. U petak, 25. februara u Ta\u010dka susretanja, Neven Dani\u010di\u0107, profesor istorije, i Tama\u0161 Fodor, bibliotekar i diplomirani filolog, odr\u017eali su predavanje na temu \u201eProzor u pro\u0161lost grada pod bregom\u201c. Posebnu energiju ovom doga\u0111aju dodao je hor Raspevanih profesora, vo\u0111enih Marijom Kliskom \u010cengeri. Subota je bila rezervisana za odlazak u Guduricu, prisustvo otvaranju manifestacije Dani mladih vina, posetu Vinariji Selekta i pri\u010du sa legendom na\u0161ih krajeva \u2013 \u0110or\u0111em Krstovim, u njegovom bajkovito-vinskom domu. Nakon povratka iz Gudurice u Ta\u010dku, Veljko Karad\u017ei\u0107, stru\u010dnjak za bezbednost i za\u0161titu podataka, \u010dlan predsedni\u0161tva Mense Srbije, odr\u017eao je interaktivno predavanje na temu \u201eKako biti bezbedniji u sajber svetu\u201c. U nedelju, 27. 2. Organizovana je poseta Gradskom muzeju, reprezentu kulturnog nasle\u0111a ovih krajeva, i Helveciji, \u010dija je izgradnja krajem 19. veka predstavljala kulminaciju zlatne epohe vr\u0161a\u010dkog vinogradarstva. Nakon trodnevnog doga\u0111aja utisak svih u\u010desnika je bio da je bilo zadovoljstvo svedo\u010diti saradnji dve altruisti\u010dke organizacije.\u201c\u00a0<\/p><p><em>Tekst iz ,,Vr\u0161a\u010dka kula\u201c, broj 1367, autor teksta: Jelena O\u017eegovi\u0107<\/em><\/p><p>I tako, od vrha kule, do okolnih brda i vinograda, istra\u017eili smo grad koji nikada ne spava. Grad u kom vetar uvek duva i mrsi kose, grad u kom su ro\u0111eni mnogi umetnici. Obi\u0161li smo Vr\u0161ac, grad ljubavi, vetra i vina.\u00a0<\/p><p><em><strong>Nemanja M. Angelovski<\/strong><\/em>,\u00a0<em>pisac, student medicine i glavni i odgovorni urednik MozaIQ-a.\u00a0<\/em><\/p><\/div><\/div><\/div><\/div><\/div><\/div><\/div><\/div><\/section><\/div><\/div><\/div>","protected":false},"excerpt":{"rendered":"<p>Okru\u017een selima, pojedina\u010dnim domovima i imanjima, u podno\u017eju starih, gromadnih planina nalazi se Vr\u0161ac, grad ljubavi, vetra i vina. <\/p>\n","protected":false},"author":30,"featured_media":1338,"comment_status":"open","ping_status":"open","sticky":false,"template":"","format":"standard","meta":[],"categories":[50,62],"tags":[],"_links":{"self":[{"href":"https:\/\/mozaiq.mensa.rs\/index.php?rest_route=\/wp\/v2\/posts\/815"}],"collection":[{"href":"https:\/\/mozaiq.mensa.rs\/index.php?rest_route=\/wp\/v2\/posts"}],"about":[{"href":"https:\/\/mozaiq.mensa.rs\/index.php?rest_route=\/wp\/v2\/types\/post"}],"author":[{"embeddable":true,"href":"https:\/\/mozaiq.mensa.rs\/index.php?rest_route=\/wp\/v2\/users\/30"}],"replies":[{"embeddable":true,"href":"https:\/\/mozaiq.mensa.rs\/index.php?rest_route=%2Fwp%2Fv2%2Fcomments&post=815"}],"version-history":[{"count":119,"href":"https:\/\/mozaiq.mensa.rs\/index.php?rest_route=\/wp\/v2\/posts\/815\/revisions"}],"predecessor-version":[{"id":1612,"href":"https:\/\/mozaiq.mensa.rs\/index.php?rest_route=\/wp\/v2\/posts\/815\/revisions\/1612"}],"wp:featuredmedia":[{"embeddable":true,"href":"https:\/\/mozaiq.mensa.rs\/index.php?rest_route=\/wp\/v2\/media\/1338"}],"wp:attachment":[{"href":"https:\/\/mozaiq.mensa.rs\/index.php?rest_route=%2Fwp%2Fv2%2Fmedia&parent=815"}],"wp:term":[{"taxonomy":"category","embeddable":true,"href":"https:\/\/mozaiq.mensa.rs\/index.php?rest_route=%2Fwp%2Fv2%2Fcategories&post=815"},{"taxonomy":"post_tag","embeddable":true,"href":"https:\/\/mozaiq.mensa.rs\/index.php?rest_route=%2Fwp%2Fv2%2Ftags&post=815"}],"curies":[{"name":"wp","href":"https:\/\/api.w.org\/{rel}","templated":true}]}}