{"id":965,"date":"2022-11-30T17:02:23","date_gmt":"2022-11-30T15:02:23","guid":{"rendered":"https:\/\/mozaiq.mensa.rs\/?p=965"},"modified":"2022-12-27T12:15:38","modified_gmt":"2022-12-27T10:15:38","slug":"svetlosno-zagadjenje-problem-noci","status":"publish","type":"post","link":"https:\/\/mozaiq.mensa.rs\/?p=965","title":{"rendered":"Svetlosno zaga\u0111enje &#8211; problem no\u0107i"},"content":{"rendered":"<div data-elementor-type=\"wp-post\" data-elementor-id=\"965\" class=\"elementor elementor-965\"><div class=\"elementor-inner\"><div class=\"elementor-section-wrap\"><section class=\"elementor-section elementor-top-section elementor-element elementor-element-2a6229b elementor-section-boxed elementor-section-height-default elementor-section-height-default\" data-id=\"2a6229b\" data-element_type=\"section\"><div class=\"elementor-container elementor-column-gap-default\"><div class=\"elementor-row\"><div class=\"elementor-column elementor-col-100 elementor-top-column elementor-element elementor-element-7bd4815\" data-id=\"7bd4815\" data-element_type=\"column\"><div class=\"elementor-column-wrap elementor-element-populated\"><div class=\"elementor-widget-wrap\"><div class=\"elementor-element elementor-element-c4d1e13 elementor-widget elementor-widget-text-editor\" data-id=\"c4d1e13\" data-element_type=\"widget\" data-widget_type=\"text-editor.default\"><div class=\"elementor-widget-container\"><div class=\"elementor-text-editor elementor-clearfix\"><p>Od davnina, zvezde i no\u0107no nebo bile su va\u017ene stvari u religiji, kulturi i samom na\u010dinu \u017eivota naroda. Koristili su ih putnici za navigaciju, Betlehemska zvezda je \u010duvena zvezda koja se vezuje za ro\u0111enje Isusa Hrista, a drevni narodi Ju\u017ene Amerike odre\u0111ivali su vremenska razdoblja na osnovu sazve\u017e\u0111a na nebu.<\/p><p>Me\u0111utim, danas je stvar druga\u010dija. \u0160to smo bli\u017ee centru nekog naseljenog mesta, sve slabije se vide zvezde na nebu. Nekada se ne vide uop\u0161te. Manjak vidljivosti no\u0107nog neba je posledica takozvanog <strong>svetlosnog zaga\u0111enja<\/strong>.<\/p><figure id=\"attachment_985\" aria-describedby=\"caption-attachment-985\" style=\"width: 308px\" class=\"wp-caption alignleft\"><img decoding=\"async\" loading=\"lazy\" class=\"wp-image-985\" src=\"https:\/\/mozaiq.mensa.rs\/wp-content\/uploads\/2022\/11\/steel-industry-g8e9f35391_1920-300x200.jpg\" alt=\"\" width=\"308\" height=\"206\" srcset=\"https:\/\/mozaiq.mensa.rs\/wp-content\/uploads\/2022\/11\/steel-industry-g8e9f35391_1920-300x200.jpg 300w, https:\/\/mozaiq.mensa.rs\/wp-content\/uploads\/2022\/11\/steel-industry-g8e9f35391_1920-1024x683.jpg 1024w, https:\/\/mozaiq.mensa.rs\/wp-content\/uploads\/2022\/11\/steel-industry-g8e9f35391_1920-768x512.jpg 768w, https:\/\/mozaiq.mensa.rs\/wp-content\/uploads\/2022\/11\/steel-industry-g8e9f35391_1920-1536x1024.jpg 1536w, https:\/\/mozaiq.mensa.rs\/wp-content\/uploads\/2022\/11\/steel-industry-g8e9f35391_1920-600x400.jpg 600w, https:\/\/mozaiq.mensa.rs\/wp-content\/uploads\/2022\/11\/steel-industry-g8e9f35391_1920-272x182.jpg 272w, https:\/\/mozaiq.mensa.rs\/wp-content\/uploads\/2022\/11\/steel-industry-g8e9f35391_1920.jpg 1920w\" sizes=\"(max-width: 308px) 100vw, 308px\"\/><figcaption id=\"caption-attachment-985\" class=\"wp-caption-text\"><strong>Fotografija<\/strong>: @pixphil22 on <a href=\"https:\/\/pixabay.com\/users\/pixphil22-14341633\/\"><strong>pixabay.com<\/strong><\/a><\/figcaption><\/figure><p>Svetlosno zaga\u0111enje je pojava prekomerne koli\u010dine artificijelnog svetla koje se \u0161iri u vi\u0161e pravaca, spajaju\u0107i se sa drugim svetlima sa kojima zajedno smanjuje vidljivost no\u0107nog neba. Javlja se kada se koriste odre\u0111ene vrste uli\u010dnih svetiljki koje rasipaju svetlo u svim pravcima, kada je prisutan velik broj vozila sa svetlima \u2013 brodovi, automobili, bicikli, a i kada jednostavno ljudske delatnosti zahtevaju kori\u0161\u0107enje prostornog svetla. Osim \u0161to uti\u010de na astronome i njihove projekte posmatranja kosmosa, svetlosno zaga\u0111enje uti\u010de i na ljude i \u017eivotinje.<\/p><p>Naime, ljudski organizam je \u201eprogramiran\u201c da u odre\u0111eno doba no\u0107i, otprilike 22-23h lu\u010di hormon spavanja \u2013 melatonin. Njega lu\u010di jedna \u017elezda koja kre\u0107e sa radom tek kada je oko osobe mra\u010dno. Dakle, prisustvo dodatnog svetla, \u0161to sa ulice, to i iz doma, remeti rad ove \u017elezde i lu\u010denje melatonina je ili smanjeno ili potpuno odsutno, \u010dime se remeti cirkadijalni ritam \u2013 ciklus spavanja. Poreme\u0107aj ciklusa spavanja dovodi do ozbiljnih zdravstvenih posledica \u2013 psiholo\u0161ka uznemirenost, problemi sa krvnim pritiskom i radom srca, glavobolje, problemi sa regulacijom koli\u010dine \u0161e\u0107era i ostalih hranljivih materija u krvi itd.<\/p><p>Osim ljudi, svetlosno zaga\u0111enje je veoma veliki problem za \u017eivotinje, pogotovo za migracione vrste. Remeti im trajektorije migracija, cikluse spavanja i manjak hrane. Da, manjak hrane. Mnogo razli\u010ditih vrsta ptica se hrani insektima, koje privla\u010di artificijelno svetlo ulice ili doma. Pri kontaktu sa svetiljkom, zbog prevelike temperature, odmah umiru.<\/p><figure id=\"attachment_981\" aria-describedby=\"caption-attachment-981\" style=\"width: 376px\" class=\"wp-caption alignright\"><img decoding=\"async\" loading=\"lazy\" class=\"wp-image-981\" src=\"https:\/\/mozaiq.mensa.rs\/wp-content\/uploads\/2022\/11\/plant-gb4f46dda0_1920-300x225.jpg\" alt=\"\" width=\"376\" height=\"282\" srcset=\"https:\/\/mozaiq.mensa.rs\/wp-content\/uploads\/2022\/11\/plant-gb4f46dda0_1920-300x225.jpg 300w, https:\/\/mozaiq.mensa.rs\/wp-content\/uploads\/2022\/11\/plant-gb4f46dda0_1920-1024x768.jpg 1024w, https:\/\/mozaiq.mensa.rs\/wp-content\/uploads\/2022\/11\/plant-gb4f46dda0_1920-768x576.jpg 768w, https:\/\/mozaiq.mensa.rs\/wp-content\/uploads\/2022\/11\/plant-gb4f46dda0_1920-1536x1152.jpg 1536w, https:\/\/mozaiq.mensa.rs\/wp-content\/uploads\/2022\/11\/plant-gb4f46dda0_1920-600x450.jpg 600w, https:\/\/mozaiq.mensa.rs\/wp-content\/uploads\/2022\/11\/plant-gb4f46dda0_1920.jpg 1920w\" sizes=\"(max-width: 376px) 100vw, 376px\"\/><figcaption id=\"caption-attachment-981\" class=\"wp-caption-text\"><strong>Fotografija<\/strong>: @SAM7682 on <strong><a href=\"https:\/\/pixabay.com\/users\/sam7682-18067\/?tab=most-relevant\">pixabay.com<\/a><\/strong><\/figcaption><\/figure><p>Zbog toga mnogo ptica ostaje bez hrane i mora da tra\u017ei alternativne na\u010dine ishrane, \u0161to im remeti \u017eivotne procese. Buka udru\u017eena sa svetlosnim zaga\u0111enjem \u010dini da se odre\u0111ene vrste \u017eivotinja ranije bude, \u010dime i njihovi organizmi mogu biti o\u0161te\u0107eni kao i ljudski.<\/p><p>Osim zdravstvenih problema, potro\u0161nja svetla i svetlosne energije je i ekolo\u0161ki problem. Struja i elektri\u010dna energija je veoma skupa, \u010desto dolazi iz neobnovljivih izvora energije koji naru\u0161avaju integritet prirode i o\u0161te\u0107uju biosferu planete Zemlje. Po\u0161to izvori svetlosti otpu\u0161taju velike koli\u010dine toplote, logi\u010dno je da mno\u0161tvo bliskih izvora svetlosti pove\u0107ava temperaturu okoline, \u010dine\u0107i veliku \u0161tetu biljnim vrstama i teraju\u0107i \u017eivotinje da tra\u017ee druga skloni\u0161ta.\u00a0<\/p><p>Re\u0161enje za ovaj problem je \u0161tednja energije, pravilna upotreba ve\u0161ta\u010dkog svetla, modernizacija uli\u010dnih svetiljki i programi \u201emra\u010dnog\u201c vremenskog perioda u velikim gradovima.<\/p><hr\/><p><em><strong>Nemanja M. Angelovski <\/strong><\/em>je pisac, medicinski tehni\u010dar, student medicine i glavni i odgovorni urednik \u010dasopisa MozaIQ od 2022. godine.\u00a0 \u00a0<\/p><\/div><\/div><\/div><\/div><\/div><\/div><\/div><\/div><\/section><\/div><\/div><\/div>","protected":false},"excerpt":{"rendered":"<p>Od davnina, zvezde i no\u0107no nebo bile su va\u017ene stvari u religiji, kulturi i samom na\u010dinu \u017eivota naroda. Me\u0111utim, danas je stvar druga\u010dija.<\/p>\n","protected":false},"author":30,"featured_media":1334,"comment_status":"closed","ping_status":"closed","sticky":false,"template":"elementor_theme","format":"standard","meta":[],"categories":[50,56],"tags":[],"_links":{"self":[{"href":"https:\/\/mozaiq.mensa.rs\/index.php?rest_route=\/wp\/v2\/posts\/965"}],"collection":[{"href":"https:\/\/mozaiq.mensa.rs\/index.php?rest_route=\/wp\/v2\/posts"}],"about":[{"href":"https:\/\/mozaiq.mensa.rs\/index.php?rest_route=\/wp\/v2\/types\/post"}],"author":[{"embeddable":true,"href":"https:\/\/mozaiq.mensa.rs\/index.php?rest_route=\/wp\/v2\/users\/30"}],"replies":[{"embeddable":true,"href":"https:\/\/mozaiq.mensa.rs\/index.php?rest_route=%2Fwp%2Fv2%2Fcomments&post=965"}],"version-history":[{"count":73,"href":"https:\/\/mozaiq.mensa.rs\/index.php?rest_route=\/wp\/v2\/posts\/965\/revisions"}],"predecessor-version":[{"id":1444,"href":"https:\/\/mozaiq.mensa.rs\/index.php?rest_route=\/wp\/v2\/posts\/965\/revisions\/1444"}],"wp:featuredmedia":[{"embeddable":true,"href":"https:\/\/mozaiq.mensa.rs\/index.php?rest_route=\/wp\/v2\/media\/1334"}],"wp:attachment":[{"href":"https:\/\/mozaiq.mensa.rs\/index.php?rest_route=%2Fwp%2Fv2%2Fmedia&parent=965"}],"wp:term":[{"taxonomy":"category","embeddable":true,"href":"https:\/\/mozaiq.mensa.rs\/index.php?rest_route=%2Fwp%2Fv2%2Fcategories&post=965"},{"taxonomy":"post_tag","embeddable":true,"href":"https:\/\/mozaiq.mensa.rs\/index.php?rest_route=%2Fwp%2Fv2%2Ftags&post=965"}],"curies":[{"name":"wp","href":"https:\/\/api.w.org\/{rel}","templated":true}]}}